{"id":8558,"date":"2023-10-01T15:58:14","date_gmt":"2023-10-01T13:58:14","guid":{"rendered":"https:\/\/www.kunstloft.de\/magazin\/?p=6958"},"modified":"2025-01-28T10:26:52","modified_gmt":"2025-01-28T09:26:52","slug":"interieur-en-bois-lesthetiquenaturelle","status":"publish","type":"post","link":"https:\/\/www.kunstloft.fr\/magazine\/interieur-en-bois-lesthetiquenaturelle\/","title":{"rendered":"Int\u00e9rieur en bois: l&rsquo;esth\u00e9tique naturelle"},"content":{"rendered":"\t\t<div data-elementor-type=\"wp-post\" data-elementor-id=\"8558\" class=\"elementor elementor-8558\">\n\t\t\t\t\t\t<section class=\"elementor-section elementor-top-section elementor-element elementor-element-c251ea2 elementor-section-boxed elementor-section-height-default elementor-section-height-default\" data-id=\"c251ea2\" data-element_type=\"section\">\n\t\t\t\t\t\t<div class=\"elementor-container elementor-column-gap-default\">\n\t\t\t\t\t<div class=\"elementor-column elementor-col-50 elementor-top-column elementor-element elementor-element-9f09043\" data-id=\"9f09043\" data-element_type=\"column\">\n\t\t\t<div class=\"elementor-widget-wrap elementor-element-populated\">\n\t\t\t\t\t\t<div class=\"elementor-element elementor-element-ee34705 elementor-widget elementor-widget-image\" data-id=\"ee34705\" data-element_type=\"widget\" data-widget_type=\"image.default\">\n\t\t\t\t<div class=\"elementor-widget-container\">\n\t\t\t\t\t\t\t\t\t\t\t\t\t\t\t<img fetchpriority=\"high\" decoding=\"async\" width=\"950\" height=\"634\" src=\"https:\/\/www.kunstloft.fr\/magazine\/wp-content\/uploads\/2023\/10\/Aesthetic-wooden-interiors-1024x683.jpg\" class=\"attachment-large size-large wp-image-8321\" alt=\"Int\u00e9rieurs esth\u00e9tiques en bois sur fond blanc\" srcset=\"https:\/\/www.kunstloft.fr\/magazine\/wp-content\/uploads\/2023\/10\/Aesthetic-wooden-interiors-1024x683.jpg 1024w, https:\/\/www.kunstloft.fr\/magazine\/wp-content\/uploads\/2023\/10\/Aesthetic-wooden-interiors-300x200.jpg 300w, https:\/\/www.kunstloft.fr\/magazine\/wp-content\/uploads\/2023\/10\/Aesthetic-wooden-interiors-768x512.jpg 768w, https:\/\/www.kunstloft.fr\/magazine\/wp-content\/uploads\/2023\/10\/Aesthetic-wooden-interiors-1536x1024.jpg 1536w, https:\/\/www.kunstloft.fr\/magazine\/wp-content\/uploads\/2023\/10\/Aesthetic-wooden-interiors-2048x1365.jpg 2048w, https:\/\/www.kunstloft.fr\/magazine\/wp-content\/uploads\/2023\/10\/Aesthetic-wooden-interiors-2000x1333.jpg 2000w, https:\/\/www.kunstloft.fr\/magazine\/wp-content\/uploads\/2023\/10\/Aesthetic-wooden-interiors-scaled-640x427.jpg 640w\" sizes=\"100vw\" \/>\t\t\t\t\t\t\t\t\t\t\t\t\t\t\t<\/div>\n\t\t\t\t<\/div>\n\t\t\t\t\t<\/div>\n\t\t<\/div>\n\t\t\t\t<div class=\"elementor-column elementor-col-50 elementor-top-column elementor-element elementor-element-0879c1e\" data-id=\"0879c1e\" data-element_type=\"column\">\n\t\t\t<div class=\"elementor-widget-wrap elementor-element-populated\">\n\t\t\t\t\t\t<div class=\"elementor-element elementor-element-f3eaa73 elementor-widget elementor-widget-heading\" data-id=\"f3eaa73\" data-element_type=\"widget\" data-widget_type=\"heading.default\">\n\t\t\t\t<div class=\"elementor-widget-container\">\n\t\t\t\t\t<h1 class=\"elementor-heading-title elementor-size-default\">Int\u00e9rieur en bois : l'esth\u00e9tique naturelle<\/h1>\t\t\t\t<\/div>\n\t\t\t\t<\/div>\n\t\t\t\t\t<\/div>\n\t\t<\/div>\n\t\t\t\t\t<\/div>\n\t\t<\/section>\n\t\t\t\t<section class=\"elementor-section elementor-top-section elementor-element elementor-element-cd87a8d elementor-section-boxed elementor-section-height-default elementor-section-height-default\" data-id=\"cd87a8d\" data-element_type=\"section\">\n\t\t\t\t\t\t<div class=\"elementor-container elementor-column-gap-default\">\n\t\t\t\t\t<div class=\"elementor-column elementor-col-100 elementor-top-column elementor-element elementor-element-b00a11b\" data-id=\"b00a11b\" data-element_type=\"column\">\n\t\t\t<div class=\"elementor-widget-wrap elementor-element-populated\">\n\t\t\t\t\t\t<div class=\"elementor-element elementor-element-5aa2677 elementor-widget elementor-widget-text-editor\" data-id=\"5aa2677\" data-element_type=\"widget\" data-widget_type=\"text-editor.default\">\n\t\t\t\t<div class=\"elementor-widget-container\">\n\t\t\t\t\t\t\t\t\t<p>Ah, le bois ! Comment quelque chose d&rsquo;aussi simple peut-il d\u00e9gager autant de chaleur et d&rsquo;\u00e9l\u00e9gance ? Des chalets rustiques aux lofts urbains chics, c&rsquo;est la touche intemporelle de la d\u00e9coration en bois qui donne vie \u00e0 tous les int\u00e9rieurs. Plongeons dans l&rsquo;univers des <a href=\"https:\/\/www.kunstloft.fr\/tableaux-sur-bois\/\">d\u00e9corations murales en bois<\/a> et autres motifs muraux et comprenons la magie qu&rsquo;ils apportent \u00e0 nos espaces.<\/p>\t\t\t\t\t\t\t\t<\/div>\n\t\t\t\t<\/div>\n\t\t\t\t\t<\/div>\n\t\t<\/div>\n\t\t\t\t\t<\/div>\n\t\t<\/section>\n\t\t\t\t<section class=\"elementor-section elementor-top-section elementor-element elementor-element-0633b4f elementor-section-boxed elementor-section-height-default elementor-section-height-default\" data-id=\"0633b4f\" data-element_type=\"section\">\n\t\t\t\t\t\t<div class=\"elementor-container elementor-column-gap-default\">\n\t\t\t\t\t<div class=\"elementor-column elementor-col-100 elementor-top-column elementor-element elementor-element-261e2ac\" data-id=\"261e2ac\" data-element_type=\"column\">\n\t\t\t<div class=\"elementor-widget-wrap elementor-element-populated\">\n\t\t\t\t\t\t<div class=\"elementor-element elementor-element-1a6f9dc elementor-widget elementor-widget-text-editor\" data-id=\"1a6f9dc\" data-element_type=\"widget\" data-widget_type=\"text-editor.default\">\n\t\t\t\t<div class=\"elementor-widget-container\">\n\t\t\t\t\t\t\t\t\t<p style=\"box-sizing: border-box; margin: 0px 0px 20px; padding: 0px; overflow-wrap: break-word; color: #3f3c3a; font-family: Roboto, sans-serif; font-size: 16px; font-style: normal; font-variant-ligatures: normal; font-variant-caps: normal; font-weight: 400; letter-spacing: normal; orphans: 2; text-align: start; text-indent: 0px; text-transform: none; widows: 2; word-spacing: 0px; -webkit-text-stroke-width: 0px; white-space: normal; background-color: #ffffff; text-decoration-thickness: initial; text-decoration-style: initial; text-decoration-color: initial;\"><strong>Table des Mati\u00e8res<\/strong><\/p><ul><li><a href=\"#Der\" target=\"_blank\" rel=\"noopener\">Le charme du bois dans la d\u00e9coration d&rsquo;int\u00e9rieur<\/a><ul><li><a href=\"#Historischer\" target=\"_blank\" rel=\"noopener\">Historique du bois dans le design<\/a><\/li><li><a href=\"#Psychologische\" target=\"_blank\" rel=\"noopener\">Les bienfaits psychologiques des \u00e9l\u00e9ments naturels<\/a><\/li><\/ul><\/li><li><a href=\"#Holzarten\" target=\"_blank\" rel=\"noopener\">Les essences de bois et leur influence sur l&rsquo;esth\u00e9tique<\/a><ul><li><a href=\"#Hartholzer\" target=\"_blank\" rel=\"noopener\">Bois durs : ch\u00eane, acajou et noyer<\/a><\/li><li><a href=\"#Weichholzer\" target=\"_blank\" rel=\"noopener\">R\u00e9sineux : pin, c\u00e8dre et \u00e9pic\u00e9a<\/a><\/li><li><a href=\"#Exotische\" target=\"_blank\" rel=\"noopener\">Bois exotiques : teck et palissandre<\/a><\/li><\/ul><\/li><li><a href=\"#Die\" target=\"_blank\" rel=\"noopener\">L&rsquo;int\u00e9gration du bois dans les maisons modernes<\/a><ul><li><a href=\"#Minimalistisches\" target=\"_blank\" rel=\"noopener\">Design minimaliste et scandinave<\/a><\/li><li><a href=\"#Holz\" target=\"_blank\" rel=\"noopener\">Le bois en combinaison avec d&rsquo;autres mat\u00e9riaux<\/a><\/li><\/ul><\/li><li><a href=\"#Pflege\" target=\"_blank\" rel=\"noopener\">Entretien et maintenance du bois \u00e0 l&rsquo;int\u00e9rieur<\/a><ul><li><a href=\"#Bewahrung\" target=\"_blank\" rel=\"noopener\">Pr\u00e9servation du bois dans son originalit\u00e9 et sa long\u00e9vit\u00e9<\/a><\/li><li><a href=\"#Naturliche\" target=\"_blank\" rel=\"noopener\">Solutions naturelles pour l&rsquo;entretien du bois<\/a><\/li><\/ul><\/li><li><a href=\"#Zu\" target=\"_blank\" rel=\"noopener\">Les erreurs \u00e0 \u00e9viter lors de la conception du bois<\/a><ul><li><a href=\"#Uberladung\" target=\"_blank\" rel=\"noopener\">Surcharger les pi\u00e8ces en bois<\/a><\/li><li><a href=\"#Falsch\" target=\"_blank\" rel=\"noopener\">Surcharge de bois dans les pi\u00e8ces<\/a><\/li><\/ul><\/li><li><a href=\"#Absch\" target=\"_blank\" rel=\"noopener\">Derni\u00e8res r\u00e9flexions sur l&rsquo;esth\u00e9tique intemporelle du bois<\/a><\/li><\/ul>\t\t\t\t\t\t\t\t<\/div>\n\t\t\t\t<\/div>\n\t\t\t\t\t<\/div>\n\t\t<\/div>\n\t\t\t\t\t<\/div>\n\t\t<\/section>\n\t\t\t\t<section class=\"elementor-section elementor-top-section elementor-element elementor-element-06bd47d elementor-section-boxed elementor-section-height-default elementor-section-height-default\" data-id=\"06bd47d\" data-element_type=\"section\">\n\t\t\t\t\t\t<div class=\"elementor-container elementor-column-gap-default\">\n\t\t\t\t\t<div class=\"elementor-column elementor-col-100 elementor-top-column elementor-element elementor-element-3cb90be\" data-id=\"3cb90be\" data-element_type=\"column\">\n\t\t\t<div class=\"elementor-widget-wrap elementor-element-populated\">\n\t\t\t\t\t\t<div class=\"elementor-element elementor-element-9749b76 elementor-widget elementor-widget-heading\" data-id=\"9749b76\" data-element_type=\"widget\" id=\"Der\" data-widget_type=\"heading.default\">\n\t\t\t\t<div class=\"elementor-widget-container\">\n\t\t\t\t\t<h2 class=\"elementor-heading-title elementor-size-default\">Le charme du bois dans la d\u00e9coration d'int\u00e9rieur<\/h2>\t\t\t\t<\/div>\n\t\t\t\t<\/div>\n\t\t\t\t\t<\/div>\n\t\t<\/div>\n\t\t\t\t\t<\/div>\n\t\t<\/section>\n\t\t\t\t<section class=\"elementor-section elementor-top-section elementor-element elementor-element-e9cb6a9 elementor-section-boxed elementor-section-height-default elementor-section-height-default\" data-id=\"e9cb6a9\" data-element_type=\"section\">\n\t\t\t\t\t\t<div class=\"elementor-container elementor-column-gap-default\">\n\t\t\t\t\t<div class=\"elementor-column elementor-col-100 elementor-top-column elementor-element elementor-element-1200085\" data-id=\"1200085\" data-element_type=\"column\">\n\t\t\t<div class=\"elementor-widget-wrap elementor-element-populated\">\n\t\t\t\t\t\t<div class=\"elementor-element elementor-element-c028c39 elementor-widget elementor-widget-text-editor\" data-id=\"c028c39\" data-element_type=\"widget\" data-widget_type=\"text-editor.default\">\n\t\t\t\t<div class=\"elementor-widget-container\">\n\t\t\t\t\t\t\t\t\t<p>Vous \u00eates-vous d\u00e9j\u00e0 demand\u00e9 pourquoi le bois est un \u00e9l\u00e9ment essentiel des habitations depuis des si\u00e8cles ? Le lien inh\u00e9rent du bois avec le monde naturel est le reflet ultime de la nature dans nos maisons.<\/p>\t\t\t\t\t\t\t\t<\/div>\n\t\t\t\t<\/div>\n\t\t\t\t\t<\/div>\n\t\t<\/div>\n\t\t\t\t\t<\/div>\n\t\t<\/section>\n\t\t\t\t<section class=\"elementor-section elementor-top-section elementor-element elementor-element-88cb161 elementor-section-boxed elementor-section-height-default elementor-section-height-default\" data-id=\"88cb161\" data-element_type=\"section\">\n\t\t\t\t\t\t<div class=\"elementor-container elementor-column-gap-default\">\n\t\t\t\t\t<div class=\"elementor-column elementor-col-100 elementor-top-column elementor-element elementor-element-d6bb12a\" data-id=\"d6bb12a\" data-element_type=\"column\">\n\t\t\t<div class=\"elementor-widget-wrap elementor-element-populated\">\n\t\t\t\t\t\t<div class=\"elementor-element elementor-element-a488a41 elementor-widget elementor-widget-heading\" data-id=\"a488a41\" data-element_type=\"widget\" id=\"Historischer\" data-widget_type=\"heading.default\">\n\t\t\t\t<div class=\"elementor-widget-container\">\n\t\t\t\t\t<h3 class=\"elementor-heading-title elementor-size-default\">Historical background of wood in design<\/h3>\t\t\t\t<\/div>\n\t\t\t\t<\/div>\n\t\t\t\t\t<\/div>\n\t\t<\/div>\n\t\t\t\t\t<\/div>\n\t\t<\/section>\n\t\t\t\t<section class=\"elementor-section elementor-top-section elementor-element elementor-element-699077f elementor-section-boxed elementor-section-height-default elementor-section-height-default\" data-id=\"699077f\" data-element_type=\"section\">\n\t\t\t\t\t\t<div class=\"elementor-container elementor-column-gap-default\">\n\t\t\t\t\t<div class=\"elementor-column elementor-col-100 elementor-top-column elementor-element elementor-element-ae0d8d1\" data-id=\"ae0d8d1\" data-element_type=\"column\">\n\t\t\t<div class=\"elementor-widget-wrap elementor-element-populated\">\n\t\t\t\t\t\t<div class=\"elementor-element elementor-element-713d8c2 elementor-widget elementor-widget-text-editor\" data-id=\"713d8c2\" data-element_type=\"widget\" data-widget_type=\"text-editor.default\">\n\t\t\t\t<div class=\"elementor-widget-container\">\n\t\t\t\t\t\t\t\t\t<p>Les premi\u00e8res civilisations ont choisi le bois non seulement pour son abondance, mais aussi pour sa polyvalence et sa beaut\u00e9. De la grandeur des palais europ\u00e9ens \u00e0 la simplicit\u00e9 des maisons de th\u00e9 japonaises, le bois a fa\u00e7onn\u00e9 l&rsquo;exp\u00e9rience humaine de l&rsquo;espace.<\/p>\t\t\t\t\t\t\t\t<\/div>\n\t\t\t\t<\/div>\n\t\t\t\t\t<\/div>\n\t\t<\/div>\n\t\t\t\t\t<\/div>\n\t\t<\/section>\n\t\t\t\t<section class=\"elementor-section elementor-top-section elementor-element elementor-element-87fdae5 elementor-section-boxed elementor-section-height-default elementor-section-height-default\" data-id=\"87fdae5\" data-element_type=\"section\">\n\t\t\t\t\t\t<div class=\"elementor-container elementor-column-gap-default\">\n\t\t\t\t\t<div class=\"elementor-column elementor-col-50 elementor-top-column elementor-element elementor-element-467f436\" data-id=\"467f436\" data-element_type=\"column\">\n\t\t\t<div class=\"elementor-widget-wrap elementor-element-populated\">\n\t\t\t\t\t\t<div class=\"elementor-element elementor-element-18a04fd elementor-widget__width-initial elementor-widget elementor-widget-image\" data-id=\"18a04fd\" data-element_type=\"widget\" data-widget_type=\"image.default\">\n\t\t\t\t<div class=\"elementor-widget-container\">\n\t\t\t\t\t\t\t\t\t\t\t\t\t\t\t<img decoding=\"async\" width=\"819\" height=\"1024\" src=\"https:\/\/www.kunstloft.fr\/magazine\/wp-content\/uploads\/2023\/10\/Japanese-temple-and-house-with-wooden-structures-819x1024.jpg\" class=\"elementor-animation-grow attachment-large size-large wp-image-8325\" alt=\"Temple et maison japonaise avec structures en bois\" srcset=\"https:\/\/www.kunstloft.fr\/magazine\/wp-content\/uploads\/2023\/10\/Japanese-temple-and-house-with-wooden-structures-819x1024.jpg 819w, https:\/\/www.kunstloft.fr\/magazine\/wp-content\/uploads\/2023\/10\/Japanese-temple-and-house-with-wooden-structures-240x300.jpg 240w, https:\/\/www.kunstloft.fr\/magazine\/wp-content\/uploads\/2023\/10\/Japanese-temple-and-house-with-wooden-structures-768x960.jpg 768w, https:\/\/www.kunstloft.fr\/magazine\/wp-content\/uploads\/2023\/10\/Japanese-temple-and-house-with-wooden-structures-1228x1536.jpg 1228w, https:\/\/www.kunstloft.fr\/magazine\/wp-content\/uploads\/2023\/10\/Japanese-temple-and-house-with-wooden-structures-1638x2048.jpg 1638w, https:\/\/www.kunstloft.fr\/magazine\/wp-content\/uploads\/2023\/10\/Japanese-temple-and-house-with-wooden-structures-2000x2501.jpg 2000w, https:\/\/www.kunstloft.fr\/magazine\/wp-content\/uploads\/2023\/10\/Japanese-temple-and-house-with-wooden-structures-scaled.jpg 2047w\" sizes=\"100vw\" \/>\t\t\t\t\t\t\t\t\t\t\t\t\t\t\t<\/div>\n\t\t\t\t<\/div>\n\t\t\t\t\t<\/div>\n\t\t<\/div>\n\t\t\t\t<div class=\"elementor-column elementor-col-50 elementor-top-column elementor-element elementor-element-6f40926\" data-id=\"6f40926\" data-element_type=\"column\">\n\t\t\t<div class=\"elementor-widget-wrap elementor-element-populated\">\n\t\t\t\t\t\t<div class=\"elementor-element elementor-element-52c1bdc elementor-widget__width-initial elementor-widget elementor-widget-image\" data-id=\"52c1bdc\" data-element_type=\"widget\" data-widget_type=\"image.default\">\n\t\t\t\t<div class=\"elementor-widget-container\">\n\t\t\t\t\t\t\t\t\t\t\t\t\t\t\t<img decoding=\"async\" width=\"683\" height=\"1024\" src=\"https:\/\/www.kunstloft.fr\/magazine\/wp-content\/uploads\/2023\/10\/traditional-Japanese-house-683x1024.jpg\" class=\"elementor-animation-grow attachment-large size-large wp-image-8327\" alt=\"Une maison japonaise traditionnelle en bois\" srcset=\"https:\/\/www.kunstloft.fr\/magazine\/wp-content\/uploads\/2023\/10\/traditional-Japanese-house-683x1024.jpg 683w, https:\/\/www.kunstloft.fr\/magazine\/wp-content\/uploads\/2023\/10\/traditional-Japanese-house-200x300.jpg 200w, https:\/\/www.kunstloft.fr\/magazine\/wp-content\/uploads\/2023\/10\/traditional-Japanese-house-768x1152.jpg 768w, https:\/\/www.kunstloft.fr\/magazine\/wp-content\/uploads\/2023\/10\/traditional-Japanese-house-1024x1536.jpg 1024w, https:\/\/www.kunstloft.fr\/magazine\/wp-content\/uploads\/2023\/10\/traditional-Japanese-house-1365x2048.jpg 1365w, https:\/\/www.kunstloft.fr\/magazine\/wp-content\/uploads\/2023\/10\/traditional-Japanese-house-2000x3000.jpg 2000w, https:\/\/www.kunstloft.fr\/magazine\/wp-content\/uploads\/2023\/10\/traditional-Japanese-house-scaled.jpg 1707w\" sizes=\"100vw\" \/>\t\t\t\t\t\t\t\t\t\t\t\t\t\t\t<\/div>\n\t\t\t\t<\/div>\n\t\t\t\t\t<\/div>\n\t\t<\/div>\n\t\t\t\t\t<\/div>\n\t\t<\/section>\n\t\t\t\t<section class=\"elementor-section elementor-top-section elementor-element elementor-element-55aec4f elementor-section-boxed elementor-section-height-default elementor-section-height-default\" data-id=\"55aec4f\" data-element_type=\"section\">\n\t\t\t\t\t\t<div class=\"elementor-container elementor-column-gap-default\">\n\t\t\t\t\t<div class=\"elementor-column elementor-col-100 elementor-top-column elementor-element elementor-element-e2511b3\" data-id=\"e2511b3\" data-element_type=\"column\">\n\t\t\t<div class=\"elementor-widget-wrap elementor-element-populated\">\n\t\t\t\t\t\t<div class=\"elementor-element elementor-element-405c6ae elementor-widget elementor-widget-heading\" data-id=\"405c6ae\" data-element_type=\"widget\" id=\"Psychologische\" data-widget_type=\"heading.default\">\n\t\t\t\t<div class=\"elementor-widget-container\">\n\t\t\t\t\t<h3 class=\"elementor-heading-title elementor-size-default\">Les bienfaits psychologiques des \u00e9l\u00e9ments naturels<\/h3>\t\t\t\t<\/div>\n\t\t\t\t<\/div>\n\t\t\t\t\t<\/div>\n\t\t<\/div>\n\t\t\t\t\t<\/div>\n\t\t<\/section>\n\t\t\t\t<section class=\"elementor-section elementor-top-section elementor-element elementor-element-4d332c5 elementor-section-boxed elementor-section-height-default elementor-section-height-default\" data-id=\"4d332c5\" data-element_type=\"section\">\n\t\t\t\t\t\t<div class=\"elementor-container elementor-column-gap-default\">\n\t\t\t\t\t<div class=\"elementor-column elementor-col-100 elementor-top-column elementor-element elementor-element-a412af2\" data-id=\"a412af2\" data-element_type=\"column\">\n\t\t\t<div class=\"elementor-widget-wrap elementor-element-populated\">\n\t\t\t\t\t\t<div class=\"elementor-element elementor-element-8e96b68 elementor-widget elementor-widget-text-editor\" data-id=\"8e96b68\" data-element_type=\"widget\" data-widget_type=\"text-editor.default\">\n\t\t\t\t<div class=\"elementor-widget-container\">\n\t\t\t\t\t\t\t\t\t<p>Les \u00eatres humains ont un lien inn\u00e9 avec la nature &#8211; un ph\u00e9nom\u00e8ne connu sous le nom de <a href=\"https:\/\/en.wikipedia.org\/wiki\/Biophilia_hypothesis\">biophilie<\/a>. Le bois, \u00e9l\u00e9ment naturel, peut calmer l&rsquo;esprit, favoriser le bien-\u00eatre et cr\u00e9er un environnement agr\u00e9able. Avez-vous d\u00e9j\u00e0 ressenti la diff\u00e9rence entre une pi\u00e8ce rev\u00eatue de bois naturel et une pi\u00e8ce en acier froid?<\/p>\t\t\t\t\t\t\t\t<\/div>\n\t\t\t\t<\/div>\n\t\t\t\t\t<\/div>\n\t\t<\/div>\n\t\t\t\t\t<\/div>\n\t\t<\/section>\n\t\t\t\t<section class=\"elementor-section elementor-top-section elementor-element elementor-element-b2774a4 elementor-section-boxed elementor-section-height-default elementor-section-height-default\" data-id=\"b2774a4\" data-element_type=\"section\">\n\t\t\t\t\t\t<div class=\"elementor-container elementor-column-gap-default\">\n\t\t\t\t\t<div class=\"elementor-column elementor-col-100 elementor-top-column elementor-element elementor-element-a516d02\" data-id=\"a516d02\" data-element_type=\"column\">\n\t\t\t<div class=\"elementor-widget-wrap elementor-element-populated\">\n\t\t\t\t\t\t<div class=\"elementor-element elementor-element-f87db81 elementor-widget elementor-widget-heading\" data-id=\"f87db81\" data-element_type=\"widget\" id=\"Holzarten\" data-widget_type=\"heading.default\">\n\t\t\t\t<div class=\"elementor-widget-container\">\n\t\t\t\t\t<h2 class=\"elementor-heading-title elementor-size-default\">Les essences de bois et leur influence sur l'esth\u00e9tique<\/h2>\t\t\t\t<\/div>\n\t\t\t\t<\/div>\n\t\t\t\t\t<\/div>\n\t\t<\/div>\n\t\t\t\t\t<\/div>\n\t\t<\/section>\n\t\t\t\t<section class=\"elementor-section elementor-top-section elementor-element elementor-element-2c48482 elementor-section-boxed elementor-section-height-default elementor-section-height-default\" data-id=\"2c48482\" data-element_type=\"section\">\n\t\t\t\t\t\t<div class=\"elementor-container elementor-column-gap-default\">\n\t\t\t\t\t<div class=\"elementor-column elementor-col-100 elementor-top-column elementor-element elementor-element-4b51bb3\" data-id=\"4b51bb3\" data-element_type=\"column\">\n\t\t\t<div class=\"elementor-widget-wrap elementor-element-populated\">\n\t\t\t\t\t\t<div class=\"elementor-element elementor-element-3c3fdf2 elementor-widget elementor-widget-text-editor\" data-id=\"3c3fdf2\" data-element_type=\"widget\" data-widget_type=\"text-editor.default\">\n\t\t\t\t<div class=\"elementor-widget-container\">\n\t\t\t\t\t\t\t\t\t<p>Tous les bois ne sont pas identiques. Les diff\u00e9rents types de bois cr\u00e9ent des ambiances et des atmosph\u00e8res uniques. Le type de bois utilis\u00e9 dans une pi\u00e8ce peut avoir un impact important sur l&rsquo;ambiance, qu&rsquo;il s&rsquo;agisse d&rsquo;une atmosph\u00e8re chaleureuse et accueillante ou d&rsquo;une esth\u00e9tique plus moderne et \u00e9pur\u00e9e. Les designers exp\u00e9riment\u00e9s peuvent s\u00e9lectionner et combiner diff\u00e9rents types de bois pour cr\u00e9er des espaces qui ont un attrait particulier pour les personnes qui les habitent.<\/p>\t\t\t\t\t\t\t\t<\/div>\n\t\t\t\t<\/div>\n\t\t\t\t\t<\/div>\n\t\t<\/div>\n\t\t\t\t\t<\/div>\n\t\t<\/section>\n\t\t\t\t<section class=\"elementor-section elementor-top-section elementor-element elementor-element-3924ed5 elementor-section-boxed elementor-section-height-default elementor-section-height-default\" data-id=\"3924ed5\" data-element_type=\"section\">\n\t\t\t\t\t\t<div class=\"elementor-container elementor-column-gap-default\">\n\t\t\t\t\t<div class=\"elementor-column elementor-col-50 elementor-top-column elementor-element elementor-element-e65f29b\" data-id=\"e65f29b\" data-element_type=\"column\">\n\t\t\t<div class=\"elementor-widget-wrap elementor-element-populated\">\n\t\t\t\t\t\t<div class=\"elementor-element elementor-element-1f9e8cb elementor-widget__width-initial elementor-widget elementor-widget-image\" data-id=\"1f9e8cb\" data-element_type=\"widget\" data-widget_type=\"image.default\">\n\t\t\t\t<div class=\"elementor-widget-container\">\n\t\t\t\t\t\t\t\t\t\t\t\t\t\t\t<img loading=\"lazy\" decoding=\"async\" width=\"683\" height=\"1024\" src=\"https:\/\/www.kunstloft.fr\/magazine\/wp-content\/uploads\/2023\/10\/plywood-panel-683x1024.jpg\" class=\"elementor-animation-grow attachment-large size-large wp-image-8326\" alt=\"Image d&#039;un panneau de contreplaqu\u00e9\" srcset=\"https:\/\/www.kunstloft.fr\/magazine\/wp-content\/uploads\/2023\/10\/plywood-panel-683x1024.jpg 683w, https:\/\/www.kunstloft.fr\/magazine\/wp-content\/uploads\/2023\/10\/plywood-panel-200x300.jpg 200w, https:\/\/www.kunstloft.fr\/magazine\/wp-content\/uploads\/2023\/10\/plywood-panel-768x1152.jpg 768w, https:\/\/www.kunstloft.fr\/magazine\/wp-content\/uploads\/2023\/10\/plywood-panel-1024x1536.jpg 1024w, https:\/\/www.kunstloft.fr\/magazine\/wp-content\/uploads\/2023\/10\/plywood-panel-1365x2048.jpg 1365w, https:\/\/www.kunstloft.fr\/magazine\/wp-content\/uploads\/2023\/10\/plywood-panel-2000x3000.jpg 2000w, https:\/\/www.kunstloft.fr\/magazine\/wp-content\/uploads\/2023\/10\/plywood-panel-scaled.jpg 1707w\" sizes=\"100vw\" \/>\t\t\t\t\t\t\t\t\t\t\t\t\t\t\t<\/div>\n\t\t\t\t<\/div>\n\t\t\t\t\t<\/div>\n\t\t<\/div>\n\t\t\t\t<div class=\"elementor-column elementor-col-50 elementor-top-column elementor-element elementor-element-34274de\" data-id=\"34274de\" data-element_type=\"column\">\n\t\t\t<div class=\"elementor-widget-wrap elementor-element-populated\">\n\t\t\t\t\t\t<div class=\"elementor-element elementor-element-cb24325 elementor-widget__width-initial elementor-widget elementor-widget-image\" data-id=\"cb24325\" data-element_type=\"widget\" data-widget_type=\"image.default\">\n\t\t\t\t<div class=\"elementor-widget-container\">\n\t\t\t\t\t\t\t\t\t\t\t\t\t\t\t<img loading=\"lazy\" decoding=\"async\" width=\"731\" height=\"1024\" src=\"https:\/\/www.kunstloft.fr\/magazine\/wp-content\/uploads\/2023\/10\/wooden-chair-and-a-wall-painting-731x1024.jpg\" class=\"elementor-animation-grow attachment-large size-large wp-image-8333\" alt=\"Une chaise esth\u00e9tique en bois et une peinture murale\" srcset=\"https:\/\/www.kunstloft.fr\/magazine\/wp-content\/uploads\/2023\/10\/wooden-chair-and-a-wall-painting-731x1024.jpg 731w, https:\/\/www.kunstloft.fr\/magazine\/wp-content\/uploads\/2023\/10\/wooden-chair-and-a-wall-painting-214x300.jpg 214w, https:\/\/www.kunstloft.fr\/magazine\/wp-content\/uploads\/2023\/10\/wooden-chair-and-a-wall-painting-768x1076.jpg 768w, https:\/\/www.kunstloft.fr\/magazine\/wp-content\/uploads\/2023\/10\/wooden-chair-and-a-wall-painting-1096x1536.jpg 1096w, https:\/\/www.kunstloft.fr\/magazine\/wp-content\/uploads\/2023\/10\/wooden-chair-and-a-wall-painting-1462x2048.jpg 1462w, https:\/\/www.kunstloft.fr\/magazine\/wp-content\/uploads\/2023\/10\/wooden-chair-and-a-wall-painting-2000x2802.jpg 2000w, https:\/\/www.kunstloft.fr\/magazine\/wp-content\/uploads\/2023\/10\/wooden-chair-and-a-wall-painting-scaled.jpg 1827w\" sizes=\"100vw\" \/>\t\t\t\t\t\t\t\t\t\t\t\t\t\t\t<\/div>\n\t\t\t\t<\/div>\n\t\t\t\t\t<\/div>\n\t\t<\/div>\n\t\t\t\t\t<\/div>\n\t\t<\/section>\n\t\t\t\t<section class=\"elementor-section elementor-top-section elementor-element elementor-element-ff07e42 elementor-section-boxed elementor-section-height-default elementor-section-height-default\" data-id=\"ff07e42\" data-element_type=\"section\">\n\t\t\t\t\t\t<div class=\"elementor-container elementor-column-gap-default\">\n\t\t\t\t\t<div class=\"elementor-column elementor-col-100 elementor-top-column elementor-element elementor-element-a79eee5\" data-id=\"a79eee5\" data-element_type=\"column\">\n\t\t\t<div class=\"elementor-widget-wrap elementor-element-populated\">\n\t\t\t\t\t\t<div class=\"elementor-element elementor-element-55ce856 elementor-widget elementor-widget-heading\" data-id=\"55ce856\" data-element_type=\"widget\" id=\"Hartholzer\" data-widget_type=\"heading.default\">\n\t\t\t\t<div class=\"elementor-widget-container\">\n\t\t\t\t\t<h3 class=\"elementor-heading-title elementor-size-default\">Bois durs : ch\u00eane, acajou et noyer<\/h3>\t\t\t\t<\/div>\n\t\t\t\t<\/div>\n\t\t\t\t\t<\/div>\n\t\t<\/div>\n\t\t\t\t\t<\/div>\n\t\t<\/section>\n\t\t\t\t<section class=\"elementor-section elementor-top-section elementor-element elementor-element-3663d05 elementor-section-boxed elementor-section-height-default elementor-section-height-default\" data-id=\"3663d05\" data-element_type=\"section\">\n\t\t\t\t\t\t<div class=\"elementor-container elementor-column-gap-default\">\n\t\t\t\t\t<div class=\"elementor-column elementor-col-100 elementor-top-column elementor-element elementor-element-78d5643\" data-id=\"78d5643\" data-element_type=\"column\">\n\t\t\t<div class=\"elementor-widget-wrap elementor-element-populated\">\n\t\t\t\t\t\t<div class=\"elementor-element elementor-element-59c5098 elementor-widget elementor-widget-text-editor\" data-id=\"59c5098\" data-element_type=\"widget\" data-widget_type=\"text-editor.default\">\n\t\t\t\t<div class=\"elementor-widget-container\">\n\t\t\t\t\t\t\t\t\t<p>Ce sont les classiques. Pensez au noble <a href=\"https:\/\/en.wikipedia.org\/wiki\/Mahogany\">acajou<\/a> du bureau d&rsquo;un avocat ou au robuste ch\u00eane des maisons ancestrales. Ces bois durs sont synonymes de prestige.<\/p>\t\t\t\t\t\t\t\t<\/div>\n\t\t\t\t<\/div>\n\t\t\t\t\t<\/div>\n\t\t<\/div>\n\t\t\t\t\t<\/div>\n\t\t<\/section>\n\t\t\t\t<section class=\"elementor-section elementor-top-section elementor-element elementor-element-1fe2519 elementor-section-boxed elementor-section-height-default elementor-section-height-default\" data-id=\"1fe2519\" data-element_type=\"section\">\n\t\t\t\t\t\t<div class=\"elementor-container elementor-column-gap-default\">\n\t\t\t\t\t<div class=\"elementor-column elementor-col-100 elementor-top-column elementor-element elementor-element-510ce22\" data-id=\"510ce22\" data-element_type=\"column\">\n\t\t\t<div class=\"elementor-widget-wrap elementor-element-populated\">\n\t\t\t\t\t\t<div class=\"elementor-element elementor-element-eeeb73b elementor-widget elementor-widget-heading\" data-id=\"eeeb73b\" data-element_type=\"widget\" id=\"Weichholzer\" data-widget_type=\"heading.default\">\n\t\t\t\t<div class=\"elementor-widget-container\">\n\t\t\t\t\t<h3 class=\"elementor-heading-title elementor-size-default\">R\u00e9sineux : pin, c\u00e8dre et \u00e9pic\u00e9a<\/h3>\t\t\t\t<\/div>\n\t\t\t\t<\/div>\n\t\t\t\t\t<\/div>\n\t\t<\/div>\n\t\t\t\t\t<\/div>\n\t\t<\/section>\n\t\t\t\t<section class=\"elementor-section elementor-top-section elementor-element elementor-element-d2e2614 elementor-section-boxed elementor-section-height-default elementor-section-height-default\" data-id=\"d2e2614\" data-element_type=\"section\">\n\t\t\t\t\t\t<div class=\"elementor-container elementor-column-gap-default\">\n\t\t\t\t\t<div class=\"elementor-column elementor-col-100 elementor-top-column elementor-element elementor-element-40ec9ad\" data-id=\"40ec9ad\" data-element_type=\"column\">\n\t\t\t<div class=\"elementor-widget-wrap elementor-element-populated\">\n\t\t\t\t\t\t<div class=\"elementor-element elementor-element-4b71ac2 elementor-widget elementor-widget-text-editor\" data-id=\"4b71ac2\" data-element_type=\"widget\" data-widget_type=\"text-editor.default\">\n\t\t\t\t<div class=\"elementor-widget-container\">\n\t\t\t\t\t\t\t\t\t<p>Plus l\u00e9gers, plus polyvalents et souvent utilis\u00e9s dans des designs modernes, les bois tendres peuvent donner \u00e0 une pi\u00e8ce une impression d&rsquo;a\u00e9ration et d&rsquo;espace. Avec son ar\u00f4me caract\u00e9ristique, le c\u00e8dre est m\u00eame un d\u00e9sodorisant naturel!<\/p>\t\t\t\t\t\t\t\t<\/div>\n\t\t\t\t<\/div>\n\t\t\t\t\t<\/div>\n\t\t<\/div>\n\t\t\t\t\t<\/div>\n\t\t<\/section>\n\t\t\t\t<section class=\"elementor-section elementor-top-section elementor-element elementor-element-86a2ab1 elementor-section-boxed elementor-section-height-default elementor-section-height-default\" data-id=\"86a2ab1\" data-element_type=\"section\">\n\t\t\t\t\t\t<div class=\"elementor-container elementor-column-gap-default\">\n\t\t\t\t\t<div class=\"elementor-column elementor-col-100 elementor-top-column elementor-element elementor-element-e267ba5\" data-id=\"e267ba5\" data-element_type=\"column\">\n\t\t\t<div class=\"elementor-widget-wrap elementor-element-populated\">\n\t\t\t\t\t\t<div class=\"elementor-element elementor-element-60bbd57 elementor-widget elementor-widget-heading\" data-id=\"60bbd57\" data-element_type=\"widget\" id=\"Exotische\" data-widget_type=\"heading.default\">\n\t\t\t\t<div class=\"elementor-widget-container\">\n\t\t\t\t\t<h3 class=\"elementor-heading-title elementor-size-default\">Bois exotiques: teck et palissandre<\/h3>\t\t\t\t<\/div>\n\t\t\t\t<\/div>\n\t\t\t\t\t<\/div>\n\t\t<\/div>\n\t\t\t\t\t<\/div>\n\t\t<\/section>\n\t\t\t\t<section class=\"elementor-section elementor-top-section elementor-element elementor-element-1db64c6 elementor-section-boxed elementor-section-height-default elementor-section-height-default\" data-id=\"1db64c6\" data-element_type=\"section\">\n\t\t\t\t\t\t<div class=\"elementor-container elementor-column-gap-default\">\n\t\t\t\t\t<div class=\"elementor-column elementor-col-100 elementor-top-column elementor-element elementor-element-c10a7d7\" data-id=\"c10a7d7\" data-element_type=\"column\">\n\t\t\t<div class=\"elementor-widget-wrap elementor-element-populated\">\n\t\t\t\t\t\t<div class=\"elementor-element elementor-element-5233c71 elementor-widget elementor-widget-text-editor\" data-id=\"5233c71\" data-element_type=\"widget\" data-widget_type=\"text-editor.default\">\n\t\t\t\t<div class=\"elementor-widget-container\">\n\t\t\t\t\t\t\t\t\t<p>Les bois exotiques tels que le teck et le palissandre donnent du cachet lorsque vous souhaitez offrir quelque chose de sp\u00e9cial. Leurs motifs et leurs couleurs rares en font un sujet de conversation. En outre, leur durabilit\u00e9 et leur r\u00e9sistance aux intemp\u00e9ries les rendent non seulement attrayants sur le plan visuel, mais aussi sup\u00e9rieurs sur le plan fonctionnel.<\/p>\t\t\t\t\t\t\t\t<\/div>\n\t\t\t\t<\/div>\n\t\t\t\t\t<\/div>\n\t\t<\/div>\n\t\t\t\t\t<\/div>\n\t\t<\/section>\n\t\t\t\t<section class=\"elementor-section elementor-top-section elementor-element elementor-element-db4ac2f elementor-section-boxed elementor-section-height-default elementor-section-height-default\" data-id=\"db4ac2f\" data-element_type=\"section\">\n\t\t\t\t\t\t<div class=\"elementor-container elementor-column-gap-default\">\n\t\t\t\t\t<div class=\"elementor-column elementor-col-100 elementor-top-column elementor-element elementor-element-9d06632\" data-id=\"9d06632\" data-element_type=\"column\">\n\t\t\t<div class=\"elementor-widget-wrap elementor-element-populated\">\n\t\t\t\t\t\t<div class=\"elementor-element elementor-element-fd1c666 elementor-widget elementor-widget-heading\" data-id=\"fd1c666\" data-element_type=\"widget\" id=\"Die\" data-widget_type=\"heading.default\">\n\t\t\t\t<div class=\"elementor-widget-container\">\n\t\t\t\t\t<h2 class=\"elementor-heading-title elementor-size-default\">L'int\u00e9gration du bois dans les maisons modernes<\/h2>\t\t\t\t<\/div>\n\t\t\t\t<\/div>\n\t\t\t\t\t<\/div>\n\t\t<\/div>\n\t\t\t\t\t<\/div>\n\t\t<\/section>\n\t\t\t\t<section class=\"elementor-section elementor-top-section elementor-element elementor-element-e4d2b01 elementor-section-boxed elementor-section-height-default elementor-section-height-default\" data-id=\"e4d2b01\" data-element_type=\"section\">\n\t\t\t\t\t\t<div class=\"elementor-container elementor-column-gap-default\">\n\t\t\t\t\t<div class=\"elementor-column elementor-col-100 elementor-top-column elementor-element elementor-element-7e2ae2c\" data-id=\"7e2ae2c\" data-element_type=\"column\">\n\t\t\t<div class=\"elementor-widget-wrap elementor-element-populated\">\n\t\t\t\t\t\t<div class=\"elementor-element elementor-element-8f9e6bc elementor-widget elementor-widget-text-editor\" data-id=\"8f9e6bc\" data-element_type=\"widget\" data-widget_type=\"text-editor.default\">\n\t\t\t\t<div class=\"elementor-widget-container\">\n\t\t\t\t\t\t\t\t\t<p>Le bois ne convient pas seulement aux pi\u00e8ces traditionnelles. <a href=\"https:\/\/www.kunstloft.fr\/\">La conscience du design moderne<\/a> l&rsquo;a pleinement adopt\u00e9. Les d\u00e9corations murales en bois peuvent \u00e9galement \u00eatre visuellement attrayantes et attirer l&rsquo;attention. L&rsquo;art du bois peut prendre de nombreuses formes, telles que <a href=\"https:\/\/www.kunstloft.fr\/sculptures\/\">sculptures<\/a>, <a href=\"https:\/\/www.kunstloft.fr\/huiles-sur-toile\/\">peintures<\/a>, meubles et bien d&rsquo;autres encore.<\/p>\t\t\t\t\t\t\t\t<\/div>\n\t\t\t\t<\/div>\n\t\t\t\t\t<\/div>\n\t\t<\/div>\n\t\t\t\t\t<\/div>\n\t\t<\/section>\n\t\t\t\t<section class=\"elementor-section elementor-top-section elementor-element elementor-element-ec7d86f elementor-section-boxed elementor-section-height-default elementor-section-height-default\" data-id=\"ec7d86f\" data-element_type=\"section\">\n\t\t\t\t\t\t<div class=\"elementor-container elementor-column-gap-default\">\n\t\t\t\t\t<div class=\"elementor-column elementor-col-25 elementor-top-column elementor-element elementor-element-4a55ceb\" data-id=\"4a55ceb\" data-element_type=\"column\">\n\t\t\t<div class=\"elementor-widget-wrap elementor-element-populated\">\n\t\t\t\t\t\t<div class=\"elementor-element elementor-element-f906559 elementor-widget__width-initial elementor-widget elementor-widget-image\" data-id=\"f906559\" data-element_type=\"widget\" data-widget_type=\"image.default\">\n\t\t\t\t<div class=\"elementor-widget-container\">\n\t\t\t\t\t\t\t\t\t\t\t\t\t\t\t\t<a href=\"https:\/\/www.kunstloft.fr\/10703-huile-sur-toile-beauty-of-wood\/\">\n\t\t\t\t\t\t\t<img loading=\"lazy\" decoding=\"async\" width=\"600\" height=\"400\" src=\"https:\/\/www.kunstloft.fr\/magazine\/wp-content\/uploads\/2023\/10\/XXL-Oil-paintings-Beauty-of-Wood.webp\" class=\"elementor-animation-grow attachment-large size-large wp-image-8334\" alt=\"XXL Peintures \u00e0 l&#039;huile Beaut\u00e9 du bois dans un support en bois\" srcset=\"https:\/\/www.kunstloft.fr\/magazine\/wp-content\/uploads\/2023\/10\/XXL-Oil-paintings-Beauty-of-Wood.webp 600w, https:\/\/www.kunstloft.fr\/magazine\/wp-content\/uploads\/2023\/10\/XXL-Oil-paintings-Beauty-of-Wood-300x200.webp 300w\" sizes=\"100vw\" \/>\t\t\t\t\t\t\t\t<\/a>\n\t\t\t\t\t\t\t\t\t\t\t\t\t\t\t<\/div>\n\t\t\t\t<\/div>\n\t\t\t\t<div class=\"elementor-element elementor-element-b77a67d elementor-widget elementor-widget-text-editor\" data-id=\"b77a67d\" data-element_type=\"widget\" data-widget_type=\"text-editor.default\">\n\t\t\t\t<div class=\"elementor-widget-container\">\n\t\t\t\t\t\t\t\t\t<p style=\"text-align: center;\"><a href=\"https:\/\/www.kunstloft.fr\/10703-huile-sur-toile-beauty-of-wood\/\" target=\"_blank\" rel=\"noopener\"><b>XXL Tableaux \u00e0 l&rsquo;huile <br\/>&lsquo;Beauty of Wood&rsquo;<\/b><\/a><\/p>\t\t\t\t\t\t\t\t<\/div>\n\t\t\t\t<\/div>\n\t\t\t\t\t<\/div>\n\t\t<\/div>\n\t\t\t\t<div class=\"elementor-column elementor-col-25 elementor-top-column elementor-element elementor-element-d608abe\" data-id=\"d608abe\" data-element_type=\"column\">\n\t\t\t<div class=\"elementor-widget-wrap elementor-element-populated\">\n\t\t\t\t\t\t<div class=\"elementor-element elementor-element-ddced74 elementor-widget__width-initial elementor-widget elementor-widget-image\" data-id=\"ddced74\" data-element_type=\"widget\" data-widget_type=\"image.default\">\n\t\t\t\t<div class=\"elementor-widget-container\">\n\t\t\t\t\t\t\t\t\t\t\t\t\t\t\t\t<a href=\"https:\/\/www.kunstloft.fr\/7452-horloge-murale-design-the-woody\/\">\n\t\t\t\t\t\t\t<img loading=\"lazy\" decoding=\"async\" width=\"600\" height=\"400\" src=\"https:\/\/www.kunstloft.fr\/magazine\/wp-content\/uploads\/2023\/10\/Designer-clock-THE-WOODY.webp\" class=\"elementor-animation-grow attachment-large size-large wp-image-8324\" alt=\"Horloge de cr\u00e9ateur THE WOODY image\" srcset=\"https:\/\/www.kunstloft.fr\/magazine\/wp-content\/uploads\/2023\/10\/Designer-clock-THE-WOODY.webp 600w, https:\/\/www.kunstloft.fr\/magazine\/wp-content\/uploads\/2023\/10\/Designer-clock-THE-WOODY-300x200.webp 300w\" sizes=\"100vw\" \/>\t\t\t\t\t\t\t\t<\/a>\n\t\t\t\t\t\t\t\t\t\t\t\t\t\t\t<\/div>\n\t\t\t\t<\/div>\n\t\t\t\t<div class=\"elementor-element elementor-element-598511f elementor-widget elementor-widget-text-editor\" data-id=\"598511f\" data-element_type=\"widget\" data-widget_type=\"text-editor.default\">\n\t\t\t\t<div class=\"elementor-widget-container\">\n\t\t\t\t\t\t\t\t\t<p style=\"text-align: center;\"><a href=\"https:\/\/www.kunstloft.fr\/7452-horloge-murale-design-the-woody\/\" target=\"_blank\" rel=\"noopener\"><b>Horloge murale design <br\/>&lsquo;THE WOODY.&rsquo;<\/b><\/a><\/p>\t\t\t\t\t\t\t\t<\/div>\n\t\t\t\t<\/div>\n\t\t\t\t\t<\/div>\n\t\t<\/div>\n\t\t\t\t<div class=\"elementor-column elementor-col-25 elementor-top-column elementor-element elementor-element-866efbf\" data-id=\"866efbf\" data-element_type=\"column\">\n\t\t\t<div class=\"elementor-widget-wrap elementor-element-populated\">\n\t\t\t\t\t\t<div class=\"elementor-element elementor-element-79c0ea5 elementor-widget__width-initial elementor-widget elementor-widget-image\" data-id=\"79c0ea5\" data-element_type=\"widget\" data-widget_type=\"image.default\">\n\t\t\t\t<div class=\"elementor-widget-container\">\n\t\t\t\t\t\t\t\t\t\t\t\t\t\t\t\t<a href=\"https:\/\/www.kunstloft.fr\/7454-horloge-murale-design-the-complex\/\">\n\t\t\t\t\t\t\t<img loading=\"lazy\" decoding=\"async\" width=\"600\" height=\"600\" src=\"https:\/\/www.kunstloft.fr\/magazine\/wp-content\/uploads\/2023\/10\/Designer-clock-THE-COMPLEX.webp\" class=\"elementor-animation-grow attachment-large size-large wp-image-8322\" alt=\"Horloge de designer THE COMPLEX image\" srcset=\"https:\/\/www.kunstloft.fr\/magazine\/wp-content\/uploads\/2023\/10\/Designer-clock-THE-COMPLEX.webp 600w, https:\/\/www.kunstloft.fr\/magazine\/wp-content\/uploads\/2023\/10\/Designer-clock-THE-COMPLEX-300x300.webp 300w, https:\/\/www.kunstloft.fr\/magazine\/wp-content\/uploads\/2023\/10\/Designer-clock-THE-COMPLEX-150x150.webp 150w\" sizes=\"100vw\" \/>\t\t\t\t\t\t\t\t<\/a>\n\t\t\t\t\t\t\t\t\t\t\t\t\t\t\t<\/div>\n\t\t\t\t<\/div>\n\t\t\t\t<div class=\"elementor-element elementor-element-793bc36 elementor-widget elementor-widget-text-editor\" data-id=\"793bc36\" data-element_type=\"widget\" data-widget_type=\"text-editor.default\">\n\t\t\t\t<div class=\"elementor-widget-container\">\n\t\t\t\t\t\t\t\t\t<p style=\"text-align: center;\"><a href=\"https:\/\/www.kunstloft.fr\/7454-horloge-murale-design-the-complex\/\" target=\"_blank\" rel=\"noopener\"><b>Horloge murale design <br\/>&lsquo;THE COMPLEX.&rsquo;<\/b><\/a><\/p>\t\t\t\t\t\t\t\t<\/div>\n\t\t\t\t<\/div>\n\t\t\t\t\t<\/div>\n\t\t<\/div>\n\t\t\t\t<div class=\"elementor-column elementor-col-25 elementor-top-column elementor-element elementor-element-a878091\" data-id=\"a878091\" data-element_type=\"column\">\n\t\t\t<div class=\"elementor-widget-wrap elementor-element-populated\">\n\t\t\t\t\t\t<div class=\"elementor-element elementor-element-2b70483 elementor-widget__width-initial elementor-widget elementor-widget-image\" data-id=\"2b70483\" data-element_type=\"widget\" data-widget_type=\"image.default\">\n\t\t\t\t<div class=\"elementor-widget-container\">\n\t\t\t\t\t\t\t\t\t\t\t\t\t\t\t\t<a href=\"https:\/\/www.kunstloft.fr\/11137-huile-sur-toile-wooden-cubism\/\">\n\t\t\t\t\t\t\t<img loading=\"lazy\" decoding=\"async\" width=\"600\" height=\"400\" src=\"https:\/\/www.kunstloft.fr\/magazine\/wp-content\/uploads\/2023\/10\/XXL-Oil-paintings-Wooden-Cubism.webp\" class=\"elementor-animation-grow attachment-large size-large wp-image-8335\" alt=\"XXL Peintures \u00e0 l&#039;huile Cubisme en bois dans un support en bois\" srcset=\"https:\/\/www.kunstloft.fr\/magazine\/wp-content\/uploads\/2023\/10\/XXL-Oil-paintings-Wooden-Cubism.webp 600w, https:\/\/www.kunstloft.fr\/magazine\/wp-content\/uploads\/2023\/10\/XXL-Oil-paintings-Wooden-Cubism-300x200.webp 300w\" sizes=\"100vw\" \/>\t\t\t\t\t\t\t\t<\/a>\n\t\t\t\t\t\t\t\t\t\t\t\t\t\t\t<\/div>\n\t\t\t\t<\/div>\n\t\t\t\t<div class=\"elementor-element elementor-element-38b7b3a elementor-widget elementor-widget-text-editor\" data-id=\"38b7b3a\" data-element_type=\"widget\" data-widget_type=\"text-editor.default\">\n\t\t\t\t<div class=\"elementor-widget-container\">\n\t\t\t\t\t\t\t\t\t<p style=\"text-align: center;\"><a href=\"https:\/\/www.kunstloft.fr\/11137-huile-sur-toile-wooden-cubism\/\" target=\"_blank\" rel=\"noopener\"><b>XXL Tableaux \u00e0 l&rsquo;huile <br\/>&lsquo;Wooden Cubism&rsquo;<\/b><\/a><\/p>\t\t\t\t\t\t\t\t<\/div>\n\t\t\t\t<\/div>\n\t\t\t\t\t<\/div>\n\t\t<\/div>\n\t\t\t\t\t<\/div>\n\t\t<\/section>\n\t\t\t\t<section class=\"elementor-section elementor-top-section elementor-element elementor-element-253cd53 elementor-section-boxed elementor-section-height-default elementor-section-height-default\" data-id=\"253cd53\" data-element_type=\"section\">\n\t\t\t\t\t\t<div class=\"elementor-container elementor-column-gap-default\">\n\t\t\t\t\t<div class=\"elementor-column elementor-col-100 elementor-top-column elementor-element elementor-element-2d063bc\" data-id=\"2d063bc\" data-element_type=\"column\">\n\t\t\t<div class=\"elementor-widget-wrap elementor-element-populated\">\n\t\t\t\t\t\t<div class=\"elementor-element elementor-element-0cca55b elementor-widget elementor-widget-heading\" data-id=\"0cca55b\" data-element_type=\"widget\" id=\"Minimalistisches\" data-widget_type=\"heading.default\">\n\t\t\t\t<div class=\"elementor-widget-container\">\n\t\t\t\t\t<h3 class=\"elementor-heading-title elementor-size-default\">Design minimaliste et scandinave<\/h3>\t\t\t\t<\/div>\n\t\t\t\t<\/div>\n\t\t\t\t\t<\/div>\n\t\t<\/div>\n\t\t\t\t\t<\/div>\n\t\t<\/section>\n\t\t\t\t<section class=\"elementor-section elementor-top-section elementor-element elementor-element-1d13954 elementor-section-boxed elementor-section-height-default elementor-section-height-default\" data-id=\"1d13954\" data-element_type=\"section\">\n\t\t\t\t\t\t<div class=\"elementor-container elementor-column-gap-default\">\n\t\t\t\t\t<div class=\"elementor-column elementor-col-100 elementor-top-column elementor-element elementor-element-b34ae08\" data-id=\"b34ae08\" data-element_type=\"column\">\n\t\t\t<div class=\"elementor-widget-wrap elementor-element-populated\">\n\t\t\t\t\t\t<div class=\"elementor-element elementor-element-22c5bf4 elementor-widget elementor-widget-text-editor\" data-id=\"22c5bf4\" data-element_type=\"widget\" data-widget_type=\"text-editor.default\">\n\t\t\t\t<div class=\"elementor-widget-container\">\n\t\t\t\t\t\t\t\t\t<p>La simplicit\u00e9 est l&rsquo;essence m\u00eame de ces styles, et quelle meilleure fa\u00e7on de l&rsquo;exprimer que par la beaut\u00e9 organique de la d\u00e9coration en bois? Imaginez une table en pin clair, des chaises en h\u00eatre ou m\u00eame des horloges murales et des tableaux en bois, qui montrent comment le bois allie parfaitement forme et fonction.<\/p>\t\t\t\t\t\t\t\t<\/div>\n\t\t\t\t<\/div>\n\t\t\t\t\t<\/div>\n\t\t<\/div>\n\t\t\t\t\t<\/div>\n\t\t<\/section>\n\t\t\t\t<section class=\"elementor-section elementor-top-section elementor-element elementor-element-36e230b elementor-section-boxed elementor-section-height-default elementor-section-height-default\" data-id=\"36e230b\" data-element_type=\"section\">\n\t\t\t\t\t\t<div class=\"elementor-container elementor-column-gap-default\">\n\t\t\t\t\t<div class=\"elementor-column elementor-col-50 elementor-top-column elementor-element elementor-element-123c939\" data-id=\"123c939\" data-element_type=\"column\">\n\t\t\t<div class=\"elementor-widget-wrap elementor-element-populated\">\n\t\t\t\t\t\t<div class=\"elementor-element elementor-element-12f39ec elementor-widget elementor-widget-image\" data-id=\"12f39ec\" data-element_type=\"widget\" data-widget_type=\"image.default\">\n\t\t\t\t<div class=\"elementor-widget-container\">\n\t\t\t\t\t\t\t\t\t\t\t\t\t\t\t\t<a href=\"https:\/\/www.kunstloft.fr\/6004-tableau-bois-holy-bond\/\">\n\t\t\t\t\t\t\t<img loading=\"lazy\" decoding=\"async\" width=\"600\" height=\"675\" src=\"https:\/\/www.kunstloft.fr\/magazine\/wp-content\/uploads\/2023\/10\/Wood-wall-art-Holy-Bond.webp\" class=\"elementor-animation-grow attachment-large size-large wp-image-8328\" alt=\"Art mural en bois Holy Bond sur fond gris\" srcset=\"https:\/\/www.kunstloft.fr\/magazine\/wp-content\/uploads\/2023\/10\/Wood-wall-art-Holy-Bond.webp 600w, https:\/\/www.kunstloft.fr\/magazine\/wp-content\/uploads\/2023\/10\/Wood-wall-art-Holy-Bond-267x300.webp 267w\" sizes=\"100vw\" \/>\t\t\t\t\t\t\t\t<\/a>\n\t\t\t\t\t\t\t\t\t\t\t\t\t\t\t<\/div>\n\t\t\t\t<\/div>\n\t\t\t\t<div class=\"elementor-element elementor-element-6a84985 elementor-widget elementor-widget-text-editor\" data-id=\"6a84985\" data-element_type=\"widget\" data-widget_type=\"text-editor.default\">\n\t\t\t\t<div class=\"elementor-widget-container\">\n\t\t\t\t\t\t\t\t\t<p style=\"text-align: center;\"><a href=\"https:\/\/www.kunstloft.fr\/6004-tableau-bois-holy-bond\/\" target=\"_blank\" rel=\"noopener\"><b>Tableau en bois <br\/>&lsquo;Holy Bond&rsquo;<\/b><\/a><\/p>\t\t\t\t\t\t\t\t<\/div>\n\t\t\t\t<\/div>\n\t\t\t\t\t<\/div>\n\t\t<\/div>\n\t\t\t\t<div class=\"elementor-column elementor-col-50 elementor-top-column elementor-element elementor-element-022531a\" data-id=\"022531a\" data-element_type=\"column\">\n\t\t\t<div class=\"elementor-widget-wrap elementor-element-populated\">\n\t\t\t\t\t\t<div class=\"elementor-element elementor-element-ff99497 elementor-widget elementor-widget-image\" data-id=\"ff99497\" data-element_type=\"widget\" data-widget_type=\"image.default\">\n\t\t\t\t<div class=\"elementor-widget-container\">\n\t\t\t\t\t\t\t\t\t\t\t\t\t\t\t\t<a href=\"https:\/\/www.kunstloft.fr\/7452-horloge-murale-design-the-woody\/\">\n\t\t\t\t\t\t\t<img loading=\"lazy\" decoding=\"async\" width=\"600\" height=\"726\" src=\"https:\/\/www.kunstloft.fr\/magazine\/wp-content\/uploads\/2023\/10\/Designer-clock-THE-WOODY-image.webp\" class=\"elementor-animation-grow attachment-large size-large wp-image-8323\" alt=\"Horloge design THE WOODY image dans un salon\" srcset=\"https:\/\/www.kunstloft.fr\/magazine\/wp-content\/uploads\/2023\/10\/Designer-clock-THE-WOODY-image.webp 600w, https:\/\/www.kunstloft.fr\/magazine\/wp-content\/uploads\/2023\/10\/Designer-clock-THE-WOODY-image-248x300.webp 248w\" sizes=\"100vw\" \/>\t\t\t\t\t\t\t\t<\/a>\n\t\t\t\t\t\t\t\t\t\t\t\t\t\t\t<\/div>\n\t\t\t\t<\/div>\n\t\t\t\t<div class=\"elementor-element elementor-element-57852c6 elementor-widget elementor-widget-text-editor\" data-id=\"57852c6\" data-element_type=\"widget\" data-widget_type=\"text-editor.default\">\n\t\t\t\t<div class=\"elementor-widget-container\">\n\t\t\t\t\t\t\t\t\t<p style=\"text-align: center;\"><a href=\"https:\/\/www.kunstloft.fr\/7452-horloge-murale-design-the-woody\/\" target=\"_blank\" rel=\"noopener\"><b>Horloge murale design <br\/>&lsquo;THE WOODY.&rsquo;<\/b><\/a><\/p>\t\t\t\t\t\t\t\t<\/div>\n\t\t\t\t<\/div>\n\t\t\t\t\t<\/div>\n\t\t<\/div>\n\t\t\t\t\t<\/div>\n\t\t<\/section>\n\t\t\t\t<section class=\"elementor-section elementor-top-section elementor-element elementor-element-b9d1682 elementor-section-boxed elementor-section-height-default elementor-section-height-default\" data-id=\"b9d1682\" data-element_type=\"section\">\n\t\t\t\t\t\t<div class=\"elementor-container elementor-column-gap-default\">\n\t\t\t\t\t<div class=\"elementor-column elementor-col-100 elementor-top-column elementor-element elementor-element-d48bea3\" data-id=\"d48bea3\" data-element_type=\"column\">\n\t\t\t<div class=\"elementor-widget-wrap elementor-element-populated\">\n\t\t\t\t\t\t<div class=\"elementor-element elementor-element-b968725 elementor-widget elementor-widget-heading\" data-id=\"b968725\" data-element_type=\"widget\" id=\"Holz\" data-widget_type=\"heading.default\">\n\t\t\t\t<div class=\"elementor-widget-container\">\n\t\t\t\t\t<h3 class=\"elementor-heading-title elementor-size-default\">Le bois en combinaison avec d'autres mat\u00e9riaux<\/h3>\t\t\t\t<\/div>\n\t\t\t\t<\/div>\n\t\t\t\t\t<\/div>\n\t\t<\/div>\n\t\t\t\t\t<\/div>\n\t\t<\/section>\n\t\t\t\t<section class=\"elementor-section elementor-top-section elementor-element elementor-element-b01a322 elementor-section-boxed elementor-section-height-default elementor-section-height-default\" data-id=\"b01a322\" data-element_type=\"section\">\n\t\t\t\t\t\t<div class=\"elementor-container elementor-column-gap-default\">\n\t\t\t\t\t<div class=\"elementor-column elementor-col-100 elementor-top-column elementor-element elementor-element-5300b93\" data-id=\"5300b93\" data-element_type=\"column\">\n\t\t\t<div class=\"elementor-widget-wrap elementor-element-populated\">\n\t\t\t\t\t\t<div class=\"elementor-element elementor-element-abfb597 elementor-widget elementor-widget-text-editor\" data-id=\"abfb597\" data-element_type=\"widget\" data-widget_type=\"text-editor.default\">\n\t\t\t\t<div class=\"elementor-widget-container\">\n\t\t\t\t\t\t\t\t\t<p>Le bois se combine \u00e0 merveille avec le m\u00e9tal, le verre et m\u00eame le b\u00e9ton. Une table en noyer avec des pieds en acier ? Un chic intemporel ! L&rsquo;utilisation d&rsquo;\u00e9l\u00e9ments en bois dans la d\u00e9coration int\u00e9rieure renforce l&rsquo;esth\u00e9tique et cr\u00e9e une atmosph\u00e8re chaleureuse.<\/p>\t\t\t\t\t\t\t\t<\/div>\n\t\t\t\t<\/div>\n\t\t\t\t\t<\/div>\n\t\t<\/div>\n\t\t\t\t\t<\/div>\n\t\t<\/section>\n\t\t\t\t<section class=\"elementor-section elementor-top-section elementor-element elementor-element-dafba6d elementor-section-boxed elementor-section-height-default elementor-section-height-default\" data-id=\"dafba6d\" data-element_type=\"section\">\n\t\t\t\t\t\t<div class=\"elementor-container elementor-column-gap-default\">\n\t\t\t\t\t<div class=\"elementor-column elementor-col-100 elementor-top-column elementor-element elementor-element-9b0e1bd\" data-id=\"9b0e1bd\" data-element_type=\"column\">\n\t\t\t<div class=\"elementor-widget-wrap elementor-element-populated\">\n\t\t\t\t\t\t<div class=\"elementor-element elementor-element-3bc5562 elementor-widget elementor-widget-heading\" data-id=\"3bc5562\" data-element_type=\"widget\" id=\"Pflege\" data-widget_type=\"heading.default\">\n\t\t\t\t<div class=\"elementor-widget-container\">\n\t\t\t\t\t<h2 class=\"elementor-heading-title elementor-size-default\">Entretien et maintenance du bois \u00e0 l'int\u00e9rieur<\/h2>\t\t\t\t<\/div>\n\t\t\t\t<\/div>\n\t\t\t\t\t<\/div>\n\t\t<\/div>\n\t\t\t\t\t<\/div>\n\t\t<\/section>\n\t\t\t\t<section class=\"elementor-section elementor-top-section elementor-element elementor-element-374628d elementor-section-boxed elementor-section-height-default elementor-section-height-default\" data-id=\"374628d\" data-element_type=\"section\">\n\t\t\t\t\t\t<div class=\"elementor-container elementor-column-gap-default\">\n\t\t\t\t\t<div class=\"elementor-column elementor-col-100 elementor-top-column elementor-element elementor-element-19a53a2\" data-id=\"19a53a2\" data-element_type=\"column\">\n\t\t\t<div class=\"elementor-widget-wrap elementor-element-populated\">\n\t\t\t\t\t\t<div class=\"elementor-element elementor-element-68bcbe8 elementor-widget elementor-widget-text-editor\" data-id=\"68bcbe8\" data-element_type=\"widget\" data-widget_type=\"text-editor.default\">\n\t\t\t\t<div class=\"elementor-widget-container\">\n\t\t\t\t\t\t\t\t\t<p>Le charme du bois r\u00e9side dans sa durabilit\u00e9, mais il n\u00e9cessite un certain entretien.<\/p>\t\t\t\t\t\t\t\t<\/div>\n\t\t\t\t<\/div>\n\t\t\t\t\t<\/div>\n\t\t<\/div>\n\t\t\t\t\t<\/div>\n\t\t<\/section>\n\t\t\t\t<section class=\"elementor-section elementor-top-section elementor-element elementor-element-463f295 elementor-section-boxed elementor-section-height-default elementor-section-height-default\" data-id=\"463f295\" data-element_type=\"section\">\n\t\t\t\t\t\t<div class=\"elementor-container elementor-column-gap-default\">\n\t\t\t\t\t<div class=\"elementor-column elementor-col-100 elementor-top-column elementor-element elementor-element-63962a9\" data-id=\"63962a9\" data-element_type=\"column\">\n\t\t\t<div class=\"elementor-widget-wrap elementor-element-populated\">\n\t\t\t\t\t\t<div class=\"elementor-element elementor-element-349e451 elementor-widget elementor-widget-heading\" data-id=\"349e451\" data-element_type=\"widget\" id=\"Bewahrung\" data-widget_type=\"heading.default\">\n\t\t\t\t<div class=\"elementor-widget-container\">\n\t\t\t\t\t<h3 class=\"elementor-heading-title elementor-size-default\">Pr\u00e9servation du bois dans son originalit\u00e9 et sa long\u00e9vit\u00e9<\/h3>\t\t\t\t<\/div>\n\t\t\t\t<\/div>\n\t\t\t\t\t<\/div>\n\t\t<\/div>\n\t\t\t\t\t<\/div>\n\t\t<\/section>\n\t\t\t\t<section class=\"elementor-section elementor-top-section elementor-element elementor-element-dc07eaf elementor-section-boxed elementor-section-height-default elementor-section-height-default\" data-id=\"dc07eaf\" data-element_type=\"section\">\n\t\t\t\t\t\t<div class=\"elementor-container elementor-column-gap-default\">\n\t\t\t\t\t<div class=\"elementor-column elementor-col-100 elementor-top-column elementor-element elementor-element-50051e6\" data-id=\"50051e6\" data-element_type=\"column\">\n\t\t\t<div class=\"elementor-widget-wrap elementor-element-populated\">\n\t\t\t\t\t\t<div class=\"elementor-element elementor-element-2a95cc7 elementor-widget elementor-widget-text-editor\" data-id=\"2a95cc7\" data-element_type=\"widget\" data-widget_type=\"text-editor.default\">\n\t\t\t\t<div class=\"elementor-widget-container\">\n\t\t\t\t\t\t\t\t\t<p>Un polissage r\u00e9gulier, l&rsquo;\u00e9vitement de la lumi\u00e8re directe du soleil et la r\u00e9gulation de l&rsquo;humidit\u00e9 sont des mesures qui permettront \u00e0 votre bois de conserver sa beaut\u00e9.<\/p>\t\t\t\t\t\t\t\t<\/div>\n\t\t\t\t<\/div>\n\t\t\t\t\t<\/div>\n\t\t<\/div>\n\t\t\t\t\t<\/div>\n\t\t<\/section>\n\t\t\t\t<section class=\"elementor-section elementor-top-section elementor-element elementor-element-5e51b3b elementor-section-boxed elementor-section-height-default elementor-section-height-default\" data-id=\"5e51b3b\" data-element_type=\"section\">\n\t\t\t\t\t\t<div class=\"elementor-container elementor-column-gap-default\">\n\t\t\t\t\t<div class=\"elementor-column elementor-col-100 elementor-top-column elementor-element elementor-element-3893149\" data-id=\"3893149\" data-element_type=\"column\">\n\t\t\t<div class=\"elementor-widget-wrap elementor-element-populated\">\n\t\t\t\t\t\t<div class=\"elementor-element elementor-element-56da9af elementor-widget elementor-widget-heading\" data-id=\"56da9af\" data-element_type=\"widget\" id=\"Naturliche\" data-widget_type=\"heading.default\">\n\t\t\t\t<div class=\"elementor-widget-container\">\n\t\t\t\t\t<h3 class=\"elementor-heading-title elementor-size-default\">Solutions naturelles pour l'entretien du bois<\/h3>\t\t\t\t<\/div>\n\t\t\t\t<\/div>\n\t\t\t\t\t<\/div>\n\t\t<\/div>\n\t\t\t\t\t<\/div>\n\t\t<\/section>\n\t\t\t\t<section class=\"elementor-section elementor-top-section elementor-element elementor-element-ff1b8ff elementor-section-boxed elementor-section-height-default elementor-section-height-default\" data-id=\"ff1b8ff\" data-element_type=\"section\">\n\t\t\t\t\t\t<div class=\"elementor-container elementor-column-gap-default\">\n\t\t\t\t\t<div class=\"elementor-column elementor-col-100 elementor-top-column elementor-element elementor-element-fb91cce\" data-id=\"fb91cce\" data-element_type=\"column\">\n\t\t\t<div class=\"elementor-widget-wrap elementor-element-populated\">\n\t\t\t\t\t\t<div class=\"elementor-element elementor-element-0b37fee elementor-widget elementor-widget-text-editor\" data-id=\"0b37fee\" data-element_type=\"widget\" data-widget_type=\"text-editor.default\">\n\t\t\t\t<div class=\"elementor-widget-container\">\n\t\t\t\t\t\t\t\t\t<p>Saviez-vous que le citron et l&rsquo;huile d&rsquo;olive peuvent agir comme des polishs naturels ? La nature prend soin de la nature.<\/p>\t\t\t\t\t\t\t\t<\/div>\n\t\t\t\t<\/div>\n\t\t\t\t\t<\/div>\n\t\t<\/div>\n\t\t\t\t\t<\/div>\n\t\t<\/section>\n\t\t\t\t<section class=\"elementor-section elementor-top-section elementor-element elementor-element-eacd2d8 elementor-section-boxed elementor-section-height-default elementor-section-height-default\" data-id=\"eacd2d8\" data-element_type=\"section\">\n\t\t\t\t\t\t<div class=\"elementor-container elementor-column-gap-default\">\n\t\t\t\t\t<div class=\"elementor-column elementor-col-100 elementor-top-column elementor-element elementor-element-df7f98b\" data-id=\"df7f98b\" data-element_type=\"column\">\n\t\t\t<div class=\"elementor-widget-wrap elementor-element-populated\">\n\t\t\t\t\t\t<div class=\"elementor-element elementor-element-6dd2572 elementor-widget elementor-widget-heading\" data-id=\"6dd2572\" data-element_type=\"widget\" id=\"Zu\" data-widget_type=\"heading.default\">\n\t\t\t\t<div class=\"elementor-widget-container\">\n\t\t\t\t\t<h2 class=\"elementor-heading-title elementor-size-default\">Les erreurs \u00e0 \u00e9viter lors de la conception du bois<\/h2>\t\t\t\t<\/div>\n\t\t\t\t<\/div>\n\t\t\t\t\t<\/div>\n\t\t<\/div>\n\t\t\t\t\t<\/div>\n\t\t<\/section>\n\t\t\t\t<section class=\"elementor-section elementor-top-section elementor-element elementor-element-8ff146b elementor-section-boxed elementor-section-height-default elementor-section-height-default\" data-id=\"8ff146b\" data-element_type=\"section\">\n\t\t\t\t\t\t<div class=\"elementor-container elementor-column-gap-default\">\n\t\t\t\t\t<div class=\"elementor-column elementor-col-100 elementor-top-column elementor-element elementor-element-2a4fc79\" data-id=\"2a4fc79\" data-element_type=\"column\">\n\t\t\t<div class=\"elementor-widget-wrap elementor-element-populated\">\n\t\t\t\t\t\t<div class=\"elementor-element elementor-element-83c1b20 elementor-widget elementor-widget-text-editor\" data-id=\"83c1b20\" data-element_type=\"widget\" data-widget_type=\"text-editor.default\">\n\t\t\t\t<div class=\"elementor-widget-container\">\n\t\t\t\t\t\t\t\t\t<p>Le bois est un mat\u00e9riau qui pardonne, mais certains faux pas peuvent nuire \u00e0 son esth\u00e9tique. Tout comme un menuisier comp\u00e9tent sait comment tirer le meilleur parti de chaque planche, il est essentiel de comprendre les nuances du bois dans la d\u00e9coration d&rsquo;int\u00e9rieur. Si l&rsquo;on n\u00e9glige ses qualit\u00e9s ou si l&rsquo;on ne tient pas compte de son interaction avec d&rsquo;autres \u00e9l\u00e9ments, on risque d&rsquo;aboutir \u00e0 des cr\u00e9ations qui para\u00eetront d\u00e9cousues ou d\u00e9plac\u00e9es.<\/p>\t\t\t\t\t\t\t\t<\/div>\n\t\t\t\t<\/div>\n\t\t\t\t\t<\/div>\n\t\t<\/div>\n\t\t\t\t\t<\/div>\n\t\t<\/section>\n\t\t\t\t<section class=\"elementor-section elementor-top-section elementor-element elementor-element-09df901 elementor-section-boxed elementor-section-height-default elementor-section-height-default\" data-id=\"09df901\" data-element_type=\"section\">\n\t\t\t\t\t\t<div class=\"elementor-container elementor-column-gap-default\">\n\t\t\t\t\t<div class=\"elementor-column elementor-col-100 elementor-top-column elementor-element elementor-element-85b9121\" data-id=\"85b9121\" data-element_type=\"column\">\n\t\t\t<div class=\"elementor-widget-wrap elementor-element-populated\">\n\t\t\t\t\t\t<div class=\"elementor-element elementor-element-63fcb80 elementor-widget elementor-widget-heading\" data-id=\"63fcb80\" data-element_type=\"widget\" id=\"Uberladung\" data-widget_type=\"heading.default\">\n\t\t\t\t<div class=\"elementor-widget-container\">\n\t\t\t\t\t<h3 class=\"elementor-heading-title elementor-size-default\">Surcharge de bois dans les pi\u00e8ces<\/h3>\t\t\t\t<\/div>\n\t\t\t\t<\/div>\n\t\t\t\t\t<\/div>\n\t\t<\/div>\n\t\t\t\t\t<\/div>\n\t\t<\/section>\n\t\t\t\t<section class=\"elementor-section elementor-top-section elementor-element elementor-element-1d088e4 elementor-section-boxed elementor-section-height-default elementor-section-height-default\" data-id=\"1d088e4\" data-element_type=\"section\">\n\t\t\t\t\t\t<div class=\"elementor-container elementor-column-gap-default\">\n\t\t\t\t\t<div class=\"elementor-column elementor-col-100 elementor-top-column elementor-element elementor-element-3d41ab9\" data-id=\"3d41ab9\" data-element_type=\"column\">\n\t\t\t<div class=\"elementor-widget-wrap elementor-element-populated\">\n\t\t\t\t\t\t<div class=\"elementor-element elementor-element-91e6913 elementor-widget elementor-widget-text-editor\" data-id=\"91e6913\" data-element_type=\"widget\" data-widget_type=\"text-editor.default\">\n\t\t\t\t<div class=\"elementor-widget-container\">\n\t\t\t\t\t\t\t\t\t<p>L&rsquo;\u00e9quilibre est essentiel. Trop de bois peut rendre une pi\u00e8ce \u00e9touffante. \u00cates-vous d\u00e9j\u00e0 entr\u00e9 dans une pi\u00e8ce en ayant l&rsquo;impression qu&rsquo;elle \u00e9tait trop \u00ab\u00a0bois\u00e9e\u00a0\u00bb?<\/p>\t\t\t\t\t\t\t\t<\/div>\n\t\t\t\t<\/div>\n\t\t\t\t\t<\/div>\n\t\t<\/div>\n\t\t\t\t\t<\/div>\n\t\t<\/section>\n\t\t\t\t<section class=\"elementor-section elementor-top-section elementor-element elementor-element-c20c269 elementor-section-boxed elementor-section-height-default elementor-section-height-default\" data-id=\"c20c269\" data-element_type=\"section\">\n\t\t\t\t\t\t<div class=\"elementor-container elementor-column-gap-default\">\n\t\t\t\t\t<div class=\"elementor-column elementor-col-100 elementor-top-column elementor-element elementor-element-201d6ee\" data-id=\"201d6ee\" data-element_type=\"column\">\n\t\t\t<div class=\"elementor-widget-wrap elementor-element-populated\">\n\t\t\t\t\t\t<div class=\"elementor-element elementor-element-e5fe46d elementor-widget elementor-widget-heading\" data-id=\"e5fe46d\" data-element_type=\"widget\" id=\"Falsch\" data-widget_type=\"heading.default\">\n\t\t\t\t<div class=\"elementor-widget-container\">\n\t\t\t\t\t<h3 class=\"elementor-heading-title elementor-size-default\">Des tons de bois mal assortis<\/h3>\t\t\t\t<\/div>\n\t\t\t\t<\/div>\n\t\t\t\t\t<\/div>\n\t\t<\/div>\n\t\t\t\t\t<\/div>\n\t\t<\/section>\n\t\t\t\t<section class=\"elementor-section elementor-top-section elementor-element elementor-element-cd6682c elementor-section-boxed elementor-section-height-default elementor-section-height-default\" data-id=\"cd6682c\" data-element_type=\"section\">\n\t\t\t\t\t\t<div class=\"elementor-container elementor-column-gap-default\">\n\t\t\t\t\t<div class=\"elementor-column elementor-col-100 elementor-top-column elementor-element elementor-element-7ed6eaa\" data-id=\"7ed6eaa\" data-element_type=\"column\">\n\t\t\t<div class=\"elementor-widget-wrap elementor-element-populated\">\n\t\t\t\t\t\t<div class=\"elementor-element elementor-element-8386073 elementor-widget elementor-widget-text-editor\" data-id=\"8386073\" data-element_type=\"widget\" data-widget_type=\"text-editor.default\">\n\t\t\t\t<div class=\"elementor-widget-container\">\n\t\t\t\t\t\t\t\t\t<p>L&rsquo;harmonie dans le design donne un aspect attrayant. La combinaison de trop de tons de bois peut \u00eatre d\u00e9rangeante.<\/p>\t\t\t\t\t\t\t\t<\/div>\n\t\t\t\t<\/div>\n\t\t\t\t\t<\/div>\n\t\t<\/div>\n\t\t\t\t\t<\/div>\n\t\t<\/section>\n\t\t\t\t<section class=\"elementor-section elementor-top-section elementor-element elementor-element-cf6093b elementor-section-boxed elementor-section-height-default elementor-section-height-default\" data-id=\"cf6093b\" data-element_type=\"section\">\n\t\t\t\t\t\t<div class=\"elementor-container elementor-column-gap-default\">\n\t\t\t\t\t<div class=\"elementor-column elementor-col-100 elementor-top-column elementor-element elementor-element-da8e972\" data-id=\"da8e972\" data-element_type=\"column\">\n\t\t\t<div class=\"elementor-widget-wrap elementor-element-populated\">\n\t\t\t\t\t\t<div class=\"elementor-element elementor-element-2025e14 elementor-widget elementor-widget-heading\" data-id=\"2025e14\" data-element_type=\"widget\" id=\"Absch\" data-widget_type=\"heading.default\">\n\t\t\t\t<div class=\"elementor-widget-container\">\n\t\t\t\t\t<h2 class=\"elementor-heading-title elementor-size-default\">Derni\u00e8res r\u00e9flexions sur l'esth\u00e9tique intemporelle du bois<\/h2>\t\t\t\t<\/div>\n\t\t\t\t<\/div>\n\t\t\t\t\t<\/div>\n\t\t<\/div>\n\t\t\t\t\t<\/div>\n\t\t<\/section>\n\t\t\t\t<section class=\"elementor-section elementor-top-section elementor-element elementor-element-bf6fb3c elementor-section-boxed elementor-section-height-default elementor-section-height-default\" data-id=\"bf6fb3c\" data-element_type=\"section\">\n\t\t\t\t\t\t<div class=\"elementor-container elementor-column-gap-default\">\n\t\t\t\t\t<div class=\"elementor-column elementor-col-100 elementor-top-column elementor-element elementor-element-ab880a6\" data-id=\"ab880a6\" data-element_type=\"column\">\n\t\t\t<div class=\"elementor-widget-wrap elementor-element-populated\">\n\t\t\t\t\t\t<div class=\"elementor-element elementor-element-76d9f5c elementor-widget elementor-widget-text-editor\" data-id=\"76d9f5c\" data-element_type=\"widget\" data-widget_type=\"text-editor.default\">\n\t\t\t\t<div class=\"elementor-widget-container\">\n\t\t\t\t\t\t\t\t\t<p>Le bois, avec son histoire et son attrait, est bien plus qu&rsquo;un simple mat\u00e9riau. Il t\u00e9moigne de la beaut\u00e9 de la nature et sa place dans la <a href=\"https:\/\/www.kunstloft.fr\/nouveautes\/\">d\u00e9coration d&rsquo;int\u00e9rieur<\/a> est ind\u00e9niable. Pensez-vous que le charme du bois s&rsquo;estompera un jour, au gr\u00e9 des tendances ? Je pense que non.<\/p>\t\t\t\t\t\t\t\t<\/div>\n\t\t\t\t<\/div>\n\t\t\t\t\t<\/div>\n\t\t<\/div>\n\t\t\t\t\t<\/div>\n\t\t<\/section>\n\t\t\t\t<section class=\"elementor-section elementor-top-section elementor-element elementor-element-b0f8a32 elementor-section-boxed elementor-section-height-default elementor-section-height-default\" data-id=\"b0f8a32\" data-element_type=\"section\">\n\t\t\t\t\t\t<div class=\"elementor-container elementor-column-gap-default\">\n\t\t\t\t\t<div class=\"elementor-column elementor-col-100 elementor-top-column elementor-element elementor-element-edc8076\" data-id=\"edc8076\" data-element_type=\"column\">\n\t\t\t<div class=\"elementor-widget-wrap elementor-element-populated\">\n\t\t\t\t\t\t<div class=\"elementor-element elementor-element-ef62e2b elementor-widget elementor-widget-heading\" data-id=\"ef62e2b\" data-element_type=\"widget\" data-widget_type=\"heading.default\">\n\t\t\t\t<div class=\"elementor-widget-container\">\n\t\t\t\t\t<h2 class=\"elementor-heading-title elementor-size-default\">Peinture sur bois inspir\u00e9e d'un loft<\/h2>\t\t\t\t<\/div>\n\t\t\t\t<\/div>\n\t\t\t\t\t<\/div>\n\t\t<\/div>\n\t\t\t\t\t<\/div>\n\t\t<\/section>\n\t\t\t\t<section class=\"elementor-section elementor-top-section elementor-element elementor-element-ac7f68c elementor-section-boxed elementor-section-height-default elementor-section-height-default\" data-id=\"ac7f68c\" data-element_type=\"section\">\n\t\t\t\t\t\t<div class=\"elementor-container elementor-column-gap-default\">\n\t\t\t\t\t<div class=\"elementor-column elementor-col-25 elementor-top-column elementor-element elementor-element-e87ec35\" data-id=\"e87ec35\" data-element_type=\"column\">\n\t\t\t<div class=\"elementor-widget-wrap elementor-element-populated\">\n\t\t\t\t\t\t<div class=\"elementor-element elementor-element-97f70b0 elementor-widget elementor-widget-image\" data-id=\"97f70b0\" data-element_type=\"widget\" data-widget_type=\"image.default\">\n\t\t\t\t<div class=\"elementor-widget-container\">\n\t\t\t\t\t\t\t\t\t\t\t\t\t\t\t\t<a href=\"https:\/\/www.kunstloft.fr\/1805-tableau-bois-frequency-1000\/\">\n\t\t\t\t\t\t\t<img loading=\"lazy\" decoding=\"async\" width=\"600\" height=\"400\" src=\"https:\/\/www.kunstloft.fr\/magazine\/wp-content\/uploads\/2023\/10\/Wood-wall-art.webp\" class=\"elementor-animation-grow attachment-large size-large wp-image-8332\" alt=\"Art mural en bois\" srcset=\"https:\/\/www.kunstloft.fr\/magazine\/wp-content\/uploads\/2023\/10\/Wood-wall-art.webp 600w, https:\/\/www.kunstloft.fr\/magazine\/wp-content\/uploads\/2023\/10\/Wood-wall-art-300x200.webp 300w\" sizes=\"100vw\" \/>\t\t\t\t\t\t\t\t<\/a>\n\t\t\t\t\t\t\t\t\t\t\t\t\t\t\t<\/div>\n\t\t\t\t<\/div>\n\t\t\t\t<div class=\"elementor-element elementor-element-6981bff elementor-widget elementor-widget-text-editor\" data-id=\"6981bff\" data-element_type=\"widget\" data-widget_type=\"text-editor.default\">\n\t\t\t\t<div class=\"elementor-widget-container\">\n\t\t\t\t\t\t\t\t\t<p style=\"text-align: center;\"><a href=\"https:\/\/www.kunstloft.fr\/1805-tableau-bois-frequency-1000\/\" target=\"_blank\" rel=\"noopener\"><b>Tableau en bois <br\/>&lsquo;Frequency 1000&rsquo;<\/b><\/a><\/p>\t\t\t\t\t\t\t\t<\/div>\n\t\t\t\t<\/div>\n\t\t\t\t\t<\/div>\n\t\t<\/div>\n\t\t\t\t<div class=\"elementor-column elementor-col-25 elementor-top-column elementor-element elementor-element-f5c7fe3\" data-id=\"f5c7fe3\" data-element_type=\"column\">\n\t\t\t<div class=\"elementor-widget-wrap elementor-element-populated\">\n\t\t\t\t\t\t<div class=\"elementor-element elementor-element-669349d elementor-widget elementor-widget-image\" data-id=\"669349d\" data-element_type=\"widget\" data-widget_type=\"image.default\">\n\t\t\t\t<div class=\"elementor-widget-container\">\n\t\t\t\t\t\t\t\t\t\t\t\t\t\t\t\t<a href=\"https:\/\/www.kunstloft.fr\/2761-tableau-bois-next-stop-usa\/\">\n\t\t\t\t\t\t\t<img loading=\"lazy\" decoding=\"async\" width=\"600\" height=\"400\" src=\"https:\/\/www.kunstloft.fr\/magazine\/wp-content\/uploads\/2023\/10\/Wood-wall-art-Next-Stop-USA.webp\" class=\"elementor-animation-grow attachment-large size-large wp-image-8330\" alt=\"Art mural en bois Next Stop USA dans un support en bois\" srcset=\"https:\/\/www.kunstloft.fr\/magazine\/wp-content\/uploads\/2023\/10\/Wood-wall-art-Next-Stop-USA.webp 600w, https:\/\/www.kunstloft.fr\/magazine\/wp-content\/uploads\/2023\/10\/Wood-wall-art-Next-Stop-USA-300x200.webp 300w\" sizes=\"100vw\" \/>\t\t\t\t\t\t\t\t<\/a>\n\t\t\t\t\t\t\t\t\t\t\t\t\t\t\t<\/div>\n\t\t\t\t<\/div>\n\t\t\t\t<div class=\"elementor-element elementor-element-ac7c2b3 elementor-widget elementor-widget-text-editor\" data-id=\"ac7c2b3\" data-element_type=\"widget\" data-widget_type=\"text-editor.default\">\n\t\t\t\t<div class=\"elementor-widget-container\">\n\t\t\t\t\t\t\t\t\t<p style=\"text-align: center;\"><b><a href=\"https:\/\/www.kunstloft.fr\/2761-tableau-bois-next-stop-usa\/\">Tableau en bois <br\/>&lsquo;Next Stop: USA&rsquo;<\/a><\/b><\/p>\t\t\t\t\t\t\t\t<\/div>\n\t\t\t\t<\/div>\n\t\t\t\t\t<\/div>\n\t\t<\/div>\n\t\t\t\t<div class=\"elementor-column elementor-col-25 elementor-top-column elementor-element elementor-element-d9c90da\" data-id=\"d9c90da\" data-element_type=\"column\">\n\t\t\t<div class=\"elementor-widget-wrap elementor-element-populated\">\n\t\t\t\t\t\t<div class=\"elementor-element elementor-element-92bb5c7 elementor-widget elementor-widget-image\" data-id=\"92bb5c7\" data-element_type=\"widget\" data-widget_type=\"image.default\">\n\t\t\t\t<div class=\"elementor-widget-container\">\n\t\t\t\t\t\t\t\t\t\t\t\t\t\t\t\t<a href=\"https:\/\/www.kunstloft.fr\/1804-tableau-bois-le-pont-dor\/\">\n\t\t\t\t\t\t\t<img loading=\"lazy\" decoding=\"async\" width=\"600\" height=\"400\" src=\"https:\/\/www.kunstloft.fr\/magazine\/wp-content\/uploads\/2023\/10\/Wood-wall-art-Le-Pont-dOr.webp\" class=\"elementor-animation-grow attachment-large size-large wp-image-8329\" alt=\"Art mural en bois Le Pont d&#039;Or dans un support en bois\" srcset=\"https:\/\/www.kunstloft.fr\/magazine\/wp-content\/uploads\/2023\/10\/Wood-wall-art-Le-Pont-dOr.webp 600w, https:\/\/www.kunstloft.fr\/magazine\/wp-content\/uploads\/2023\/10\/Wood-wall-art-Le-Pont-dOr-300x200.webp 300w\" sizes=\"100vw\" \/>\t\t\t\t\t\t\t\t<\/a>\n\t\t\t\t\t\t\t\t\t\t\t\t\t\t\t<\/div>\n\t\t\t\t<\/div>\n\t\t\t\t<div class=\"elementor-element elementor-element-692f83a elementor-widget elementor-widget-text-editor\" data-id=\"692f83a\" data-element_type=\"widget\" data-widget_type=\"text-editor.default\">\n\t\t\t\t<div class=\"elementor-widget-container\">\n\t\t\t\t\t\t\t\t\t<p style=\"text-align: center;\"><a href=\"https:\/\/www.kunstloft.fr\/1804-tableau-bois-le-pont-dor\/\" target=\"_blank\" rel=\"noopener\"><b>Tableau en bois <br\/>&lsquo;Le Pont d&rsquo;Or&rsquo;<\/b><\/a><\/p>\t\t\t\t\t\t\t\t<\/div>\n\t\t\t\t<\/div>\n\t\t\t\t\t<\/div>\n\t\t<\/div>\n\t\t\t\t<div class=\"elementor-column elementor-col-25 elementor-top-column elementor-element elementor-element-871b520\" data-id=\"871b520\" data-element_type=\"column\">\n\t\t\t<div class=\"elementor-widget-wrap elementor-element-populated\">\n\t\t\t\t\t\t<div class=\"elementor-element elementor-element-1b7669a elementor-widget elementor-widget-image\" data-id=\"1b7669a\" data-element_type=\"widget\" data-widget_type=\"image.default\">\n\t\t\t\t<div class=\"elementor-widget-container\">\n\t\t\t\t\t\t\t\t\t\t\t\t\t\t\t\t<a href=\"https:\/\/www.kunstloft.fr\/1806-tableau-bois-the-matrix\/\">\n\t\t\t\t\t\t\t<img loading=\"lazy\" decoding=\"async\" width=\"600\" height=\"400\" src=\"https:\/\/www.kunstloft.fr\/magazine\/wp-content\/uploads\/2023\/10\/Wood-wall-art-The-Matrix.webp\" class=\"elementor-animation-grow attachment-large size-large wp-image-8331\" alt=\"Art mural en bois The Matrix dans un support en bois\" srcset=\"https:\/\/www.kunstloft.fr\/magazine\/wp-content\/uploads\/2023\/10\/Wood-wall-art-The-Matrix.webp 600w, https:\/\/www.kunstloft.fr\/magazine\/wp-content\/uploads\/2023\/10\/Wood-wall-art-The-Matrix-300x200.webp 300w\" sizes=\"100vw\" \/>\t\t\t\t\t\t\t\t<\/a>\n\t\t\t\t\t\t\t\t\t\t\t\t\t\t\t<\/div>\n\t\t\t\t<\/div>\n\t\t\t\t<div class=\"elementor-element elementor-element-3b2cb5c elementor-widget elementor-widget-text-editor\" data-id=\"3b2cb5c\" data-element_type=\"widget\" data-widget_type=\"text-editor.default\">\n\t\t\t\t<div class=\"elementor-widget-container\">\n\t\t\t\t\t\t\t\t\t<p style=\"text-align: center;\"><a href=\"https:\/\/www.kunstloft.fr\/1806-tableau-bois-the-matrix\/\" target=\"_blank\" rel=\"noopener\"><b>Tableau en bois <br\/>&lsquo;The Matrix&rsquo;<\/b><\/a><\/p>\t\t\t\t\t\t\t\t<\/div>\n\t\t\t\t<\/div>\n\t\t\t\t\t<\/div>\n\t\t<\/div>\n\t\t\t\t\t<\/div>\n\t\t<\/section>\n\t\t\t\t<section class=\"elementor-section elementor-top-section elementor-element elementor-element-c751439 elementor-section-boxed elementor-section-height-default elementor-section-height-default\" data-id=\"c751439\" data-element_type=\"section\">\n\t\t\t\t\t\t<div class=\"elementor-container elementor-column-gap-default\">\n\t\t\t\t\t<div class=\"elementor-column elementor-col-100 elementor-top-column elementor-element elementor-element-68d351d\" data-id=\"68d351d\" data-element_type=\"column\">\n\t\t\t<div class=\"elementor-widget-wrap elementor-element-populated\">\n\t\t\t\t\t\t<div class=\"elementor-element elementor-element-8ec1163 elementor-widget elementor-widget-spacer\" data-id=\"8ec1163\" data-element_type=\"widget\" data-widget_type=\"spacer.default\">\n\t\t\t\t<div class=\"elementor-widget-container\">\n\t\t\t\t\t\t\t<div class=\"elementor-spacer\">\n\t\t\t<div class=\"elementor-spacer-inner\"><\/div>\n\t\t<\/div>\n\t\t\t\t\t\t<\/div>\n\t\t\t\t<\/div>\n\t\t\t\t\t<\/div>\n\t\t<\/div>\n\t\t\t\t\t<\/div>\n\t\t<\/section>\n\t\t\t\t<section class=\"elementor-section elementor-top-section elementor-element elementor-element-e5a2963 elementor-section-boxed elementor-section-height-default elementor-section-height-default\" data-id=\"e5a2963\" data-element_type=\"section\">\n\t\t\t\t\t\t<div class=\"elementor-container elementor-column-gap-default\">\n\t\t\t\t\t<div class=\"elementor-column elementor-col-100 elementor-top-column elementor-element elementor-element-542f8dc\" data-id=\"542f8dc\" data-element_type=\"column\" data-settings=\"{&quot;background_background&quot;:&quot;classic&quot;}\">\n\t\t\t<div class=\"elementor-widget-wrap elementor-element-populated\">\n\t\t\t\t\t\t<div class=\"elementor-element elementor-element-ca8ea89 elementor-widget elementor-widget-text-editor\" data-id=\"ca8ea89\" data-element_type=\"widget\" data-widget_type=\"text-editor.default\">\n\t\t\t\t<div class=\"elementor-widget-container\">\n\t\t\t\t\t\t\t\t\t<p><strong>Cr\u00e9dits d&rsquo;image:<\/strong> \u00a9 Willian Justen de Vasconcellos &#8211; Pexels; \u00a9 Ryutaro Tsukata &#8211; Pexels; \u00a9 Cottonbro Studio &#8211; Pexels; \u00a9 Robin Schreiner &#8211; Pexels; \u00a9 Jonathan Borba &#8211; Pexels; \u00a9 KunstLoft<\/p>\t\t\t\t\t\t\t\t<\/div>\n\t\t\t\t<\/div>\n\t\t\t\t\t<\/div>\n\t\t<\/div>\n\t\t\t\t\t<\/div>\n\t\t<\/section>\n\t\t\t\t<\/div>\n\t\t","protected":false},"excerpt":{"rendered":"<p>Ah, le bois ! Comment quelque chose d&rsquo;aussi simple peut-il d\u00e9gager autant de chaleur et d&rsquo;\u00e9l\u00e9gance ? Des chalets rustiques aux lofts urbains chics, c&rsquo;est la touche intemporelle de la d\u00e9coration en bois qui donne vie \u00e0 n&rsquo;importe quel int\u00e9rieur. Plongeons dans l&rsquo;univers des d\u00e9corations murales en bois et autres motifs muraux et comprenons la magie qu&rsquo;ils apportent \u00e0 nos espaces.<\/p>\n","protected":false},"author":12,"featured_media":8321,"comment_status":"closed","ping_status":"closed","sticky":false,"template":"","format":"standard","meta":{"footnotes":""},"categories":[2],"tags":[],"class_list":["post-8558","post","type-post","status-publish","format-standard","has-post-thumbnail","hentry","category-decorer-et-amenager"],"yoast_head":"<!-- This site is optimized with the Yoast SEO plugin v26.5 - https:\/\/yoast.com\/wordpress\/plugins\/seo\/ -->\n<title>Int\u00e9rieur en bois: l&#039;esth\u00e9tique naturelle - KUNSTLOFT<\/title>\n<meta name=\"description\" content=\"Des chalets rustiques aux lofts urbains chics, c&#039;est la touche intemporelle de la d\u00e9coration en bois qui donne vie \u00e0 tous les int\u00e9rieurs. Plongeons dans l&#039;univers des d\u00e9corations murales en bois et autres motifs muraux et comprenons la magie qu&#039;ils apportent \u00e0 nos espaces.\" \/>\n<meta name=\"robots\" content=\"index, follow, max-snippet:-1, max-image-preview:large, max-video-preview:-1\" \/>\n<link rel=\"canonical\" href=\"https:\/\/www.kunstloft.fr\/magazine\/interieur-en-bois-lesthetiquenaturelle\/\" \/>\n<meta property=\"og:locale\" content=\"fr_FR\" \/>\n<meta property=\"og:type\" content=\"article\" \/>\n<meta property=\"og:title\" content=\"Int\u00e9rieur en bois: l&#039;esth\u00e9tique naturelle - KUNSTLOFT\" \/>\n<meta property=\"og:description\" content=\"Des chalets rustiques aux lofts urbains chics, c&#039;est la touche intemporelle de la d\u00e9coration en bois qui donne vie \u00e0 tous les int\u00e9rieurs. Plongeons dans l&#039;univers des d\u00e9corations murales en bois et autres motifs muraux et comprenons la magie qu&#039;ils apportent \u00e0 nos espaces.\" \/>\n<meta property=\"og:url\" content=\"https:\/\/www.kunstloft.fr\/magazine\/interieur-en-bois-lesthetiquenaturelle\/\" \/>\n<meta property=\"og:site_name\" content=\"KUNSTLOFT\" \/>\n<meta property=\"article:publisher\" content=\"https:\/\/www.facebook.com\/kunstloft.fr\/\" \/>\n<meta property=\"article:published_time\" content=\"2023-10-01T13:58:14+00:00\" \/>\n<meta property=\"article:modified_time\" content=\"2025-01-28T09:26:52+00:00\" \/>\n<meta property=\"og:image\" content=\"https:\/\/www.kunstloft.fr\/magazine\/wp-content\/uploads\/2023\/10\/Aesthetic-wooden-interiors-scaled.jpg\" \/>\n\t<meta property=\"og:image:width\" content=\"2560\" \/>\n\t<meta property=\"og:image:height\" content=\"1707\" \/>\n\t<meta property=\"og:image:type\" content=\"image\/jpeg\" \/>\n<meta name=\"author\" content=\"Tiza\" \/>\n<meta name=\"twitter:card\" content=\"summary_large_image\" \/>\n<meta name=\"twitter:label1\" content=\"\u00c9crit par\" \/>\n\t<meta name=\"twitter:data1\" content=\"Tiza\" \/>\n\t<meta name=\"twitter:label2\" content=\"Dur\u00e9e de lecture estim\u00e9e\" \/>\n\t<meta name=\"twitter:data2\" content=\"9 minutes\" \/>\n<script type=\"application\/ld+json\" class=\"yoast-schema-graph\">{\"@context\":\"https:\/\/schema.org\",\"@graph\":[{\"@type\":\"Article\",\"@id\":\"https:\/\/www.kunstloft.fr\/magazine\/interieur-en-bois-lesthetiquenaturelle\/#article\",\"isPartOf\":{\"@id\":\"https:\/\/www.kunstloft.fr\/magazine\/interieur-en-bois-lesthetiquenaturelle\/\"},\"author\":{\"name\":\"Tiza\",\"@id\":\"https:\/\/www.kunstloft.fr\/magazine\/#\/schema\/person\/028528258617623f2591818791b0de8c\"},\"headline\":\"Int\u00e9rieur en bois: l&rsquo;esth\u00e9tique naturelle\",\"datePublished\":\"2023-10-01T13:58:14+00:00\",\"dateModified\":\"2025-01-28T09:26:52+00:00\",\"mainEntityOfPage\":{\"@id\":\"https:\/\/www.kunstloft.fr\/magazine\/interieur-en-bois-lesthetiquenaturelle\/\"},\"wordCount\":1257,\"publisher\":{\"@id\":\"https:\/\/www.kunstloft.fr\/magazine\/#organization\"},\"image\":{\"@id\":\"https:\/\/www.kunstloft.fr\/magazine\/interieur-en-bois-lesthetiquenaturelle\/#primaryimage\"},\"thumbnailUrl\":\"https:\/\/www.kunstloft.fr\/magazine\/wp-content\/uploads\/2023\/10\/Aesthetic-wooden-interiors-scaled.jpg\",\"articleSection\":[\"D\u00e9corer &amp; am\u00e9nager\"],\"inLanguage\":\"fr-FR\"},{\"@type\":\"WebPage\",\"@id\":\"https:\/\/www.kunstloft.fr\/magazine\/interieur-en-bois-lesthetiquenaturelle\/\",\"url\":\"https:\/\/www.kunstloft.fr\/magazine\/interieur-en-bois-lesthetiquenaturelle\/\",\"name\":\"Int\u00e9rieur en bois: l'esth\u00e9tique naturelle - KUNSTLOFT\",\"isPartOf\":{\"@id\":\"https:\/\/www.kunstloft.fr\/magazine\/#website\"},\"primaryImageOfPage\":{\"@id\":\"https:\/\/www.kunstloft.fr\/magazine\/interieur-en-bois-lesthetiquenaturelle\/#primaryimage\"},\"image\":{\"@id\":\"https:\/\/www.kunstloft.fr\/magazine\/interieur-en-bois-lesthetiquenaturelle\/#primaryimage\"},\"thumbnailUrl\":\"https:\/\/www.kunstloft.fr\/magazine\/wp-content\/uploads\/2023\/10\/Aesthetic-wooden-interiors-scaled.jpg\",\"datePublished\":\"2023-10-01T13:58:14+00:00\",\"dateModified\":\"2025-01-28T09:26:52+00:00\",\"description\":\"Des chalets rustiques aux lofts urbains chics, c'est la touche intemporelle de la d\u00e9coration en bois qui donne vie \u00e0 tous les int\u00e9rieurs. Plongeons dans l'univers des d\u00e9corations murales en bois et autres motifs muraux et comprenons la magie qu'ils apportent \u00e0 nos espaces.\",\"breadcrumb\":{\"@id\":\"https:\/\/www.kunstloft.fr\/magazine\/interieur-en-bois-lesthetiquenaturelle\/#breadcrumb\"},\"inLanguage\":\"fr-FR\",\"potentialAction\":[{\"@type\":\"ReadAction\",\"target\":[\"https:\/\/www.kunstloft.fr\/magazine\/interieur-en-bois-lesthetiquenaturelle\/\"]}]},{\"@type\":\"ImageObject\",\"inLanguage\":\"fr-FR\",\"@id\":\"https:\/\/www.kunstloft.fr\/magazine\/interieur-en-bois-lesthetiquenaturelle\/#primaryimage\",\"url\":\"https:\/\/www.kunstloft.fr\/magazine\/wp-content\/uploads\/2023\/10\/Aesthetic-wooden-interiors-scaled.jpg\",\"contentUrl\":\"https:\/\/www.kunstloft.fr\/magazine\/wp-content\/uploads\/2023\/10\/Aesthetic-wooden-interiors-scaled.jpg\",\"width\":2560,\"height\":1707,\"caption\":\"Int\u00e9rieurs esth\u00e9tiques en bois sur fond blanc\"},{\"@type\":\"BreadcrumbList\",\"@id\":\"https:\/\/www.kunstloft.fr\/magazine\/interieur-en-bois-lesthetiquenaturelle\/#breadcrumb\",\"itemListElement\":[{\"@type\":\"ListItem\",\"position\":1,\"name\":\"Home\",\"item\":\"https:\/\/www.kunstloft.fr\/magazine\/\"},{\"@type\":\"ListItem\",\"position\":2,\"name\":\"Int\u00e9rieur en bois: l&rsquo;esth\u00e9tique naturelle\"}]},{\"@type\":\"WebSite\",\"@id\":\"https:\/\/www.kunstloft.fr\/magazine\/#website\",\"url\":\"https:\/\/www.kunstloft.fr\/magazine\/\",\"name\":\"KUNSTLOFT\",\"description\":\"Magazine\",\"publisher\":{\"@id\":\"https:\/\/www.kunstloft.fr\/magazine\/#organization\"},\"potentialAction\":[{\"@type\":\"SearchAction\",\"target\":{\"@type\":\"EntryPoint\",\"urlTemplate\":\"https:\/\/www.kunstloft.fr\/magazine\/?s={search_term_string}\"},\"query-input\":{\"@type\":\"PropertyValueSpecification\",\"valueRequired\":true,\"valueName\":\"search_term_string\"}}],\"inLanguage\":\"fr-FR\"},{\"@type\":\"Organization\",\"@id\":\"https:\/\/www.kunstloft.fr\/magazine\/#organization\",\"name\":\"KUNSTLOFT\",\"url\":\"https:\/\/www.kunstloft.fr\/magazine\/\",\"logo\":{\"@type\":\"ImageObject\",\"inLanguage\":\"fr-FR\",\"@id\":\"https:\/\/www.kunstloft.fr\/magazine\/#\/schema\/logo\/image\/\",\"url\":\"https:\/\/www.kunstloft.fr\/magazine\/wp-content\/uploads\/2023\/06\/Logo-Kunstloft-377x377-1.png\",\"contentUrl\":\"https:\/\/www.kunstloft.fr\/magazine\/wp-content\/uploads\/2023\/06\/Logo-Kunstloft-377x377-1.png\",\"width\":377,\"height\":377,\"caption\":\"KUNSTLOFT\"},\"image\":{\"@id\":\"https:\/\/www.kunstloft.fr\/magazine\/#\/schema\/logo\/image\/\"},\"sameAs\":[\"https:\/\/www.facebook.com\/kunstloft.fr\/\",\"https:\/\/www.instagram.com\/kunstloft\/\"]},{\"@type\":\"Person\",\"@id\":\"https:\/\/www.kunstloft.fr\/magazine\/#\/schema\/person\/028528258617623f2591818791b0de8c\",\"name\":\"Tiza\",\"image\":{\"@type\":\"ImageObject\",\"inLanguage\":\"fr-FR\",\"@id\":\"https:\/\/www.kunstloft.fr\/magazine\/#\/schema\/person\/image\/\",\"url\":\"https:\/\/secure.gravatar.com\/avatar\/946e2c53dd075a9321b6f752c398682831aed5fe2333c27f212b9688811f170e?s=96&d=mm&r=g\",\"contentUrl\":\"https:\/\/secure.gravatar.com\/avatar\/946e2c53dd075a9321b6f752c398682831aed5fe2333c27f212b9688811f170e?s=96&d=mm&r=g\",\"caption\":\"Tiza\"},\"url\":\"https:\/\/www.kunstloft.fr\/magazine\/author\/tizag\/\"}]}<\/script>\n<!-- \/ Yoast SEO plugin. -->","yoast_head_json":{"title":"Int\u00e9rieur en bois: l'esth\u00e9tique naturelle - KUNSTLOFT","description":"Des chalets rustiques aux lofts urbains chics, c'est la touche intemporelle de la d\u00e9coration en bois qui donne vie \u00e0 tous les int\u00e9rieurs. Plongeons dans l'univers des d\u00e9corations murales en bois et autres motifs muraux et comprenons la magie qu'ils apportent \u00e0 nos espaces.","robots":{"index":"index","follow":"follow","max-snippet":"max-snippet:-1","max-image-preview":"max-image-preview:large","max-video-preview":"max-video-preview:-1"},"canonical":"https:\/\/www.kunstloft.fr\/magazine\/interieur-en-bois-lesthetiquenaturelle\/","og_locale":"fr_FR","og_type":"article","og_title":"Int\u00e9rieur en bois: l'esth\u00e9tique naturelle - KUNSTLOFT","og_description":"Des chalets rustiques aux lofts urbains chics, c'est la touche intemporelle de la d\u00e9coration en bois qui donne vie \u00e0 tous les int\u00e9rieurs. Plongeons dans l'univers des d\u00e9corations murales en bois et autres motifs muraux et comprenons la magie qu'ils apportent \u00e0 nos espaces.","og_url":"https:\/\/www.kunstloft.fr\/magazine\/interieur-en-bois-lesthetiquenaturelle\/","og_site_name":"KUNSTLOFT","article_publisher":"https:\/\/www.facebook.com\/kunstloft.fr\/","article_published_time":"2023-10-01T13:58:14+00:00","article_modified_time":"2025-01-28T09:26:52+00:00","og_image":[{"width":2560,"height":1707,"url":"https:\/\/www.kunstloft.fr\/magazine\/wp-content\/uploads\/2023\/10\/Aesthetic-wooden-interiors-scaled.jpg","type":"image\/jpeg"}],"author":"Tiza","twitter_card":"summary_large_image","twitter_misc":{"\u00c9crit par":"Tiza","Dur\u00e9e de lecture estim\u00e9e":"9 minutes"},"schema":{"@context":"https:\/\/schema.org","@graph":[{"@type":"Article","@id":"https:\/\/www.kunstloft.fr\/magazine\/interieur-en-bois-lesthetiquenaturelle\/#article","isPartOf":{"@id":"https:\/\/www.kunstloft.fr\/magazine\/interieur-en-bois-lesthetiquenaturelle\/"},"author":{"name":"Tiza","@id":"https:\/\/www.kunstloft.fr\/magazine\/#\/schema\/person\/028528258617623f2591818791b0de8c"},"headline":"Int\u00e9rieur en bois: l&rsquo;esth\u00e9tique naturelle","datePublished":"2023-10-01T13:58:14+00:00","dateModified":"2025-01-28T09:26:52+00:00","mainEntityOfPage":{"@id":"https:\/\/www.kunstloft.fr\/magazine\/interieur-en-bois-lesthetiquenaturelle\/"},"wordCount":1257,"publisher":{"@id":"https:\/\/www.kunstloft.fr\/magazine\/#organization"},"image":{"@id":"https:\/\/www.kunstloft.fr\/magazine\/interieur-en-bois-lesthetiquenaturelle\/#primaryimage"},"thumbnailUrl":"https:\/\/www.kunstloft.fr\/magazine\/wp-content\/uploads\/2023\/10\/Aesthetic-wooden-interiors-scaled.jpg","articleSection":["D\u00e9corer &amp; am\u00e9nager"],"inLanguage":"fr-FR"},{"@type":"WebPage","@id":"https:\/\/www.kunstloft.fr\/magazine\/interieur-en-bois-lesthetiquenaturelle\/","url":"https:\/\/www.kunstloft.fr\/magazine\/interieur-en-bois-lesthetiquenaturelle\/","name":"Int\u00e9rieur en bois: l'esth\u00e9tique naturelle - KUNSTLOFT","isPartOf":{"@id":"https:\/\/www.kunstloft.fr\/magazine\/#website"},"primaryImageOfPage":{"@id":"https:\/\/www.kunstloft.fr\/magazine\/interieur-en-bois-lesthetiquenaturelle\/#primaryimage"},"image":{"@id":"https:\/\/www.kunstloft.fr\/magazine\/interieur-en-bois-lesthetiquenaturelle\/#primaryimage"},"thumbnailUrl":"https:\/\/www.kunstloft.fr\/magazine\/wp-content\/uploads\/2023\/10\/Aesthetic-wooden-interiors-scaled.jpg","datePublished":"2023-10-01T13:58:14+00:00","dateModified":"2025-01-28T09:26:52+00:00","description":"Des chalets rustiques aux lofts urbains chics, c'est la touche intemporelle de la d\u00e9coration en bois qui donne vie \u00e0 tous les int\u00e9rieurs. Plongeons dans l'univers des d\u00e9corations murales en bois et autres motifs muraux et comprenons la magie qu'ils apportent \u00e0 nos espaces.","breadcrumb":{"@id":"https:\/\/www.kunstloft.fr\/magazine\/interieur-en-bois-lesthetiquenaturelle\/#breadcrumb"},"inLanguage":"fr-FR","potentialAction":[{"@type":"ReadAction","target":["https:\/\/www.kunstloft.fr\/magazine\/interieur-en-bois-lesthetiquenaturelle\/"]}]},{"@type":"ImageObject","inLanguage":"fr-FR","@id":"https:\/\/www.kunstloft.fr\/magazine\/interieur-en-bois-lesthetiquenaturelle\/#primaryimage","url":"https:\/\/www.kunstloft.fr\/magazine\/wp-content\/uploads\/2023\/10\/Aesthetic-wooden-interiors-scaled.jpg","contentUrl":"https:\/\/www.kunstloft.fr\/magazine\/wp-content\/uploads\/2023\/10\/Aesthetic-wooden-interiors-scaled.jpg","width":2560,"height":1707,"caption":"Int\u00e9rieurs esth\u00e9tiques en bois sur fond blanc"},{"@type":"BreadcrumbList","@id":"https:\/\/www.kunstloft.fr\/magazine\/interieur-en-bois-lesthetiquenaturelle\/#breadcrumb","itemListElement":[{"@type":"ListItem","position":1,"name":"Home","item":"https:\/\/www.kunstloft.fr\/magazine\/"},{"@type":"ListItem","position":2,"name":"Int\u00e9rieur en bois: l&rsquo;esth\u00e9tique naturelle"}]},{"@type":"WebSite","@id":"https:\/\/www.kunstloft.fr\/magazine\/#website","url":"https:\/\/www.kunstloft.fr\/magazine\/","name":"KUNSTLOFT","description":"Magazine","publisher":{"@id":"https:\/\/www.kunstloft.fr\/magazine\/#organization"},"potentialAction":[{"@type":"SearchAction","target":{"@type":"EntryPoint","urlTemplate":"https:\/\/www.kunstloft.fr\/magazine\/?s={search_term_string}"},"query-input":{"@type":"PropertyValueSpecification","valueRequired":true,"valueName":"search_term_string"}}],"inLanguage":"fr-FR"},{"@type":"Organization","@id":"https:\/\/www.kunstloft.fr\/magazine\/#organization","name":"KUNSTLOFT","url":"https:\/\/www.kunstloft.fr\/magazine\/","logo":{"@type":"ImageObject","inLanguage":"fr-FR","@id":"https:\/\/www.kunstloft.fr\/magazine\/#\/schema\/logo\/image\/","url":"https:\/\/www.kunstloft.fr\/magazine\/wp-content\/uploads\/2023\/06\/Logo-Kunstloft-377x377-1.png","contentUrl":"https:\/\/www.kunstloft.fr\/magazine\/wp-content\/uploads\/2023\/06\/Logo-Kunstloft-377x377-1.png","width":377,"height":377,"caption":"KUNSTLOFT"},"image":{"@id":"https:\/\/www.kunstloft.fr\/magazine\/#\/schema\/logo\/image\/"},"sameAs":["https:\/\/www.facebook.com\/kunstloft.fr\/","https:\/\/www.instagram.com\/kunstloft\/"]},{"@type":"Person","@id":"https:\/\/www.kunstloft.fr\/magazine\/#\/schema\/person\/028528258617623f2591818791b0de8c","name":"Tiza","image":{"@type":"ImageObject","inLanguage":"fr-FR","@id":"https:\/\/www.kunstloft.fr\/magazine\/#\/schema\/person\/image\/","url":"https:\/\/secure.gravatar.com\/avatar\/946e2c53dd075a9321b6f752c398682831aed5fe2333c27f212b9688811f170e?s=96&d=mm&r=g","contentUrl":"https:\/\/secure.gravatar.com\/avatar\/946e2c53dd075a9321b6f752c398682831aed5fe2333c27f212b9688811f170e?s=96&d=mm&r=g","caption":"Tiza"},"url":"https:\/\/www.kunstloft.fr\/magazine\/author\/tizag\/"}]}},"_links":{"self":[{"href":"https:\/\/www.kunstloft.fr\/magazine\/wp-json\/wp\/v2\/posts\/8558","targetHints":{"allow":["GET"]}}],"collection":[{"href":"https:\/\/www.kunstloft.fr\/magazine\/wp-json\/wp\/v2\/posts"}],"about":[{"href":"https:\/\/www.kunstloft.fr\/magazine\/wp-json\/wp\/v2\/types\/post"}],"author":[{"embeddable":true,"href":"https:\/\/www.kunstloft.fr\/magazine\/wp-json\/wp\/v2\/users\/12"}],"replies":[{"embeddable":true,"href":"https:\/\/www.kunstloft.fr\/magazine\/wp-json\/wp\/v2\/comments?post=8558"}],"version-history":[{"count":6,"href":"https:\/\/www.kunstloft.fr\/magazine\/wp-json\/wp\/v2\/posts\/8558\/revisions"}],"predecessor-version":[{"id":47794,"href":"https:\/\/www.kunstloft.fr\/magazine\/wp-json\/wp\/v2\/posts\/8558\/revisions\/47794"}],"wp:featuredmedia":[{"embeddable":true,"href":"https:\/\/www.kunstloft.fr\/magazine\/wp-json\/wp\/v2\/media\/8321"}],"wp:attachment":[{"href":"https:\/\/www.kunstloft.fr\/magazine\/wp-json\/wp\/v2\/media?parent=8558"}],"wp:term":[{"taxonomy":"category","embeddable":true,"href":"https:\/\/www.kunstloft.fr\/magazine\/wp-json\/wp\/v2\/categories?post=8558"},{"taxonomy":"post_tag","embeddable":true,"href":"https:\/\/www.kunstloft.fr\/magazine\/wp-json\/wp\/v2\/tags?post=8558"}],"curies":[{"name":"wp","href":"https:\/\/api.w.org\/{rel}","templated":true}]}}